{"id":31597,"date":"2026-04-30T10:39:45","date_gmt":"2026-04-30T10:39:45","guid":{"rendered":"https:\/\/camp-kovacine.com\/cvetoce-creske-poti-aktiven-oddih-ki-disi-po-kampu-kovacine\/"},"modified":"2026-04-30T12:46:52","modified_gmt":"2026-04-30T12:46:52","slug":"cvetoce-creske-poti-aktiven-oddih-ki-disi-po-kampu-kovacine","status":"publish","type":"post","link":"https:\/\/camp-kovacine.com\/sl\/cvetoce-creske-poti-aktiven-oddih-ki-disi-po-kampu-kovacine\/","title":{"rendered":"Cveto\u010de cre\u0161ke poti: aktiven oddih, ki di\u0161i po kampu Kova\u010dine"},"content":{"rendered":"<p>[et_pb_section fb_built=&#8221;1&#8243; _builder_version=&#8221;4.25.1&#8243; _module_preset=&#8221;a8f3ca86-d58c-4c07-8229-71dae361d162&#8243; collapsed=&#8221;off&#8221; global_colors_info=&#8221;{}&#8221;][et_pb_row admin_label=&#8221;Text&#8221; _builder_version=&#8221;4.25.1&#8243; _module_preset=&#8221;default&#8221; background_color=&#8221;RGBA(255,255,255,0)&#8221; custom_padding=&#8221;0px||0px||true|false&#8221; collapsed=&#8221;off&#8221; global_colors_info=&#8221;{}&#8221;][et_pb_column type=&#8221;4_4&#8243; _builder_version=&#8221;4.17.6&#8243; _module_preset=&#8221;default&#8221; global_colors_info=&#8221;{}&#8221;][et_pb_text _builder_version=&#8221;4.27.4&#8243; _module_preset=&#8221;default&#8221; header_4_line_height=&#8221;1.4em&#8221; global_colors_info=&#8221;{}&#8221;]<\/p>\n<p>Obstaja letni \u010das, v katerem otok Cres preprosto zacveti kot \u017eiva razglednica. In ne le vizualno, temve\u010d kot tiha eksplozija \u2013 ko zrak di\u0161i po \u017eajblju in smilju, ko te sonce ravno prav greje in ko se ti zdi, da bi bilo \u0161koda pre\u017eiveti dan sede. <\/p>\n<p>\u010ce ste tip \u010dloveka, ki \u00bbdopusta\u00ab ne dojema kot 7-urno le\u017eanje na pla\u017ei (ali pa vsaj tega ne \u017eeli po\u010deti vsak dan\ud83d\ude0a), vam Cres spomladi ponuja nekaj posebnega: aktiven oddih, ki napolni baterije na na\u010din, ki ga noben wellness ne more kopirati.<\/p>\n<p>Morda boste v nekem trenutku spoznali, da ste se pravzaprav odpravili le na \u00bbkratek sprehod\u00ab &#8230; in kon\u010dali tri ure pozneje nekje nad morjem, z vetrom v laseh in vpra\u0161anjem: kako smo pri\u0161li do sem? Odgovor je preprost \u2013 cre\u0161ke poti. <\/p>\n<p>In to ne katere koli. Tukaj vas vsaka povle\u010de malo dlje, kot ste na\u010drtovali. Odpravite se zaradi razgleda, nadaljujete zaradi miru in ostanete, ker vam preprosto ni do tega, da bi se vrnili.  <\/p>\n<p>[\/et_pb_text][et_pb_text _builder_version=&#8221;4.27.6&#8243; _module_preset=&#8221;46f08ce4-42f3-4ed6-ae5c-e6d8b58a11cb&#8221; global_colors_info=&#8221;{}&#8221;]<\/p>\n<h3>&#8220;Samo \u0161e ta ovinek!&#8221;<\/h3>\n<p>Za u\u017eivanje vam na Cresu ni treba biti <em>hardcore<\/em> pohodnik. Dovolj je imeti superge in voljo. <\/p>\n<p>V <strong>bli\u017eini kampa Kova\u010dine<\/strong> obstaja cela mre\u017ea poti, ki vodijo skozi neokrnjeno naravo, preskakujejo suhozide, vas malo spustijo skozi olj\u010dne nasade in vas dvignejo nad morje, ki je videti, kot da ga je nekdo prelil z globokim modrim \u010drnilom. In ravno, ko pomislite: \u00bbV redu, zdaj gremo nazaj\u00ab, se pojavi \u0161e en ovinek, za katerega se zdi, da vodi do ne\u010desa \u0161e bolj\u0161ega. In seveda morate preveriti.  <\/p>\n<p>Ne glede na to, ali ste bolj tip \u010dloveka \u00bblahkoten sprehod z razgledom\u00ab ali \u00bbgremo malo bolj resno navkreber\u00ab, boste tukaj na\u0161li pot po svojih \u017eeljah. Kolesarji, pohodniki, sprehajalci \u2013 vsak dobi to, kar i\u0161\u010de. <\/p>\n<p>In najbolj\u0161i del? Ve\u010dino \u010dasa ne boste sre\u010dali nikogar. Razen morda kak\u0161ne ovce, ki vas bo pogledala, kot da ste vsiljivec na njenem terenu.  <\/p>\n<p>[\/et_pb_text][\/et_pb_column][\/et_pb_row][et_pb_row admin_label=&#8221;Image #1&#8243; _builder_version=&#8221;4.27.6&#8243; _module_preset=&#8221;default&#8221; width=&#8221;100%&#8221; collapsed=&#8221;off&#8221; global_colors_info=&#8221;{}&#8221;][et_pb_column type=&#8221;4_4&#8243; _builder_version=&#8221;4.17.6&#8243; _module_preset=&#8221;default&#8221; global_colors_info=&#8221;{}&#8221;][et_pb_image src=&#8221;https:\/\/camp-kovacine.com\/wp-content\/uploads\/2026\/04\/Suma-Tramuntana-sjeverni-dio-otoka-Cresa.webp&#8221; alt=&#8221;Gozd Tramuntana Cres&#8221; title_text=&#8221;Tramuntana gozd&#8221; show_bottom_space=&#8221;off&#8221; _builder_version=&#8221;4.27.6&#8243; _module_preset=&#8221;default&#8221; width_phone=&#8221;100%&#8221; max_height=&#8221;100%&#8221; global_colors_info=&#8221;{}&#8221;][\/et_pb_image][et_pb_text _builder_version=&#8221;4.27.6&#8243; _module_preset=&#8221;e0931326-e1f5-4a2c-bc9f-a861f6ba6f25&#8243; hover_enabled=&#8221;0&#8243; locked=&#8221;off&#8221; global_colors_info=&#8221;{}&#8221; sticky_enabled=&#8221;0&#8243;]<\/p>\n<p>Gozd Tramuntana, severni del otoka Cres<\/p>\n<p>[\/et_pb_text][\/et_pb_column][\/et_pb_row][et_pb_row custom_padding_last_edited=&#8221;on|phone&#8221; admin_label=&#8221;Text&#8221; _builder_version=&#8221;4.25.1&#8243; _module_preset=&#8221;default&#8221; background_color=&#8221;RGBA(255,255,255,0)&#8221; custom_padding_tablet=&#8221;&#8221; custom_padding_phone=&#8221;0px||0px||true|false&#8221; collapsed=&#8221;off&#8221; global_colors_info=&#8221;{}&#8221;][et_pb_column type=&#8221;4_4&#8243; _builder_version=&#8221;4.17.6&#8243; _module_preset=&#8221;default&#8221; global_colors_info=&#8221;{}&#8221;][et_pb_text _builder_version=&#8221;4.27.6&#8243; _module_preset=&#8221;46f08ce4-42f3-4ed6-ae5c-e6d8b58a11cb&#8221; header_4_line_height=&#8221;1.4em&#8221; global_colors_info=&#8221;{}&#8221;]<\/p>\n<h3>Dodatna nagrada: vonjave, ki imajo bolj\u0161i u\u010dinek kot kava<\/h3>\n<p>\u010ce se \u0161e nikoli niste sprehajali po poljih \u017eajblja in smilja, se pripravite, da se boste vsake toliko ustavili in globoko vdihnili, kot bi bili na <em>wellness<\/em> delavnici.<\/p>\n<p>To ni samo sprehod, ampak prava <strong>aromaterapija<\/strong> \u2013 le da je naravna in na prostem. In ne bodite presene\u010deni: obstaja realna mo\u017enost, da boste pozabili preveriti telefon, ker boste preve\u010d zaposleni z dihanjem. <\/p>\n<p>\u010ce pa ste s seboj vseeno vzeli telefon (vemo, da ga ste), prej pove\u010dajte njegov prostor za shranjevanje. Tukaj je \u00bbnavadna\u00ab pot videti kot <strong>naslovnica revije<\/strong>. <\/p>\n<p>[\/et_pb_text][\/et_pb_column][\/et_pb_row][et_pb_row use_custom_gutter=&#8221;on&#8221; gutter_width=&#8221;1&#8243; admin_label=&#8221;Image #2&#8243; _builder_version=&#8221;4.26.0&#8243; _module_preset=&#8221;default&#8221; width=&#8221;100%&#8221; collapsed=&#8221;off&#8221; global_colors_info=&#8221;{}&#8221;][et_pb_column type=&#8221;4_4&#8243; _builder_version=&#8221;4.17.6&#8243; _module_preset=&#8221;default&#8221; global_colors_info=&#8221;{}&#8221;][et_pb_image src=&#8221;https:\/\/camp-kovacine.com\/wp-content\/uploads\/2026\/04\/Polja-lavande-otok-Cres.webp&#8221; alt=&#8221;\u017dajbelj (Salvia officinalis), otok Cres&#8221; title_text=&#8221;\u017dajbelj, otok Cres&#8221; _builder_version=&#8221;4.27.6&#8243; _module_preset=&#8221;default&#8221; width=&#8221;100%&#8221; max_width=&#8221;100%&#8221; min_height=&#8221;100%&#8221; height=&#8221;100%&#8221; max_height=&#8221;100%&#8221; hover_enabled=&#8221;0&#8243; custom_css_main_element=&#8221;width: 100%!important;&#8221; global_colors_info=&#8221;{}&#8221; custom_css_main_element_last_edited=&#8221;on|phone&#8221; custom_css_main_element_tablet=&#8221;width: 100%!important;&#8221; custom_css_main_element_phone=&#8221;width: 100%!important;&#8221; sticky_enabled=&#8221;0&#8243;][\/et_pb_image][et_pb_text _builder_version=&#8221;4.27.6&#8243; _module_preset=&#8221;e0931326-e1f5-4a2c-bc9f-a861f6ba6f25&#8243; hover_enabled=&#8221;0&#8243; locked=&#8221;off&#8221; global_colors_info=&#8221;{}&#8221; sticky_enabled=&#8221;0&#8243;]<\/p>\n<div>\u017dajbelj (Salvia officinalis), otok Cres<\/div>\n<p>[\/et_pb_text][\/et_pb_column][\/et_pb_row][et_pb_row admin_label=&#8221;Text&#8221; _builder_version=&#8221;4.25.1&#8243; _module_preset=&#8221;default&#8221; background_color=&#8221;RGBA(255,255,255,0)&#8221; custom_padding=&#8221;0px||0px||true|false&#8221; collapsed=&#8221;off&#8221; global_colors_info=&#8221;{}&#8221;][et_pb_column type=&#8221;4_4&#8243; _builder_version=&#8221;4.17.6&#8243; _module_preset=&#8221;default&#8221; global_colors_info=&#8221;{}&#8221;][et_pb_text _builder_version=&#8221;4.27.6&#8243; _module_preset=&#8221;46f08ce4-42f3-4ed6-ae5c-e6d8b58a11cb&#8221; header_4_line_height=&#8221;1.4em&#8221; custom_padding_tablet=&#8221;&#8221; custom_padding_phone=&#8221;0px||0px||true|false&#8221; custom_padding_last_edited=&#8221;on|phone&#8221; hover_enabled=&#8221;0&#8243; global_colors_info=&#8221;{}&#8221; sticky_enabled=&#8221;0&#8243;]<\/p>\n<h3>Kolesarjenje po Cresu \u2013 avantura na dveh kolesih<\/h3>\n<p>\u010ce ste tip \u00bbgremo malo hitreje\u00ab, Cres ponuja <strong>odli\u010dne kolesarske poti<\/strong> \u2013 od lahkotnih obalnih vo\u017eenj do zahtevnej\u0161ih terenov za bolj izku\u0161ene.<\/p>\n<p>Kolesarjenje je ve\u010d kot le \u0161port \u2013 je popoln na\u010din, da si ogledate otok z druga\u010dne perspektive; tako zelo druga\u010dne, da se vpra\u0161ate, kdo je vse to zdru\u017eil na tako poseben na\u010din, da je videti tako dobro. Ni ravno in ni vedno enostavno \u2013 vendar je ravno dovolj zahtevno, da se po\u010dutite, kot da ste nekaj naredili (in da si zaslu\u017eite tisto ve\u010derjo brez slabe vesti, ki je mimogrede vedno bolj\u0161ega okusa po vo\u017enji \u2013 znanstveno dokazano\ud83d\ude09). <\/p>\n<p>[\/et_pb_text][\/et_pb_column][\/et_pb_row][et_pb_row admin_label=&#8221;Image #3&#8243; _builder_version=&#8221;4.17.6&#8243; _module_preset=&#8221;default&#8221; width=&#8221;100%&#8221; collapsed=&#8221;on&#8221; global_colors_info=&#8221;{}&#8221;][et_pb_column type=&#8221;4_4&#8243; _builder_version=&#8221;4.17.6&#8243; _module_preset=&#8221;default&#8221; global_colors_info=&#8221;{}&#8221;][et_pb_image src=&#8221;https:\/\/camp-kovacine.com\/wp-content\/uploads\/2026\/04\/Pjesacke-i-biciklisticke-staze-otok-Cres.webp&#8221; alt=&#8221;Pohodni\u0161ka in kolesarska pot Cres suhozid&#8221; title_text=&#8221;Poti Cres&#8221; show_bottom_space=&#8221;off&#8221; force_fullwidth=&#8221;on&#8221; admin_label=&#8221;Image&#8221; _builder_version=&#8221;4.27.6&#8243; _module_preset=&#8221;default&#8221; width_phone=&#8221;100%&#8221; max_height=&#8221;100%&#8221; global_colors_info=&#8221;{}&#8221;][\/et_pb_image][et_pb_text _builder_version=&#8221;4.27.6&#8243; _module_preset=&#8221;e0931326-e1f5-4a2c-bc9f-a861f6ba6f25&#8243; global_colors_info=&#8221;{}&#8221;]<\/p>\n<p>Pohodni\u0161ke in kolesarske poti, otok Cres<\/p>\n<p>[\/et_pb_text][\/et_pb_column][\/et_pb_row][et_pb_row admin_label=&#8221;Text&#8221; _builder_version=&#8221;4.25.1&#8243; _module_preset=&#8221;default&#8221; background_color=&#8221;RGBA(255,255,255,0)&#8221; custom_padding=&#8221;0px||0px||true|false&#8221; collapsed=&#8221;off&#8221; global_colors_info=&#8221;{}&#8221;][et_pb_column type=&#8221;4_4&#8243; _builder_version=&#8221;4.17.6&#8243; _module_preset=&#8221;default&#8221; global_colors_info=&#8221;{}&#8221;][et_pb_text _builder_version=&#8221;4.27.6&#8243; _module_preset=&#8221;46f08ce4-42f3-4ed6-ae5c-e6d8b58a11cb&#8221; header_4_line_height=&#8221;1.4em&#8221; custom_padding_tablet=&#8221;&#8221; custom_padding_phone=&#8221;0px||0px||true|false&#8221; custom_padding_last_edited=&#8221;on|phone&#8221; global_colors_info=&#8221;{}&#8221;]<\/p>\n<h3>Top 3 treking in MTB poti, ki jih ne boste pozabili<\/h3>\n<p>\u010ce ne veste, kje za\u010deti (in izbira je res velika), so tukaj tri preizku\u0161ene mo\u017enosti \u2013 za vsak tip razpolo\u017eenja (in ob upo\u0161tevanju, da mi vedno za\u010dnemo pri kampu Kova\u010dine):<\/p>\n<p>[\/et_pb_text][et_pb_text _builder_version=&#8221;4.27.6&#8243; _module_preset=&#8221;46f08ce4-42f3-4ed6-ae5c-e6d8b58a11cb&#8221; header_4_line_height=&#8221;1.4em&#8221; custom_padding_tablet=&#8221;&#8221; custom_padding_phone=&#8221;0px||0px||true|false&#8221; custom_padding_last_edited=&#8221;on|phone&#8221; global_colors_info=&#8221;{}&#8221;]<\/p>\n<h4>1. Cres\u2013Lubenice (za \u00bbwow\u00ab efekt)<\/h4>\n<p>To je pot, zaradi katere se boste ustavili ve\u010dkrat, kot ste na\u010drtovali \u2013 ne zato, ker bi bili utrujeni, ampak zato, ker boste \u017eeleli posneti \u0161e eno fotografijo. Pot vodi do vasi Lubenice, ki se nahaja visoko nad morjem, s pogledom na eno najlep\u0161ih pla\u017e na otoku. <\/p>\n<ul>\n<li>Zahtevnost: srednja<\/li>\n<li>Popolna izbira za: pohodnike in tiste, ki imajo radi nagrado v obliki spektakularnega razgleda<\/li>\n<li>Dodatna nagrada: ob\u010dutek, da ste odkrili nekaj posebnega<\/li>\n<\/ul>\n<p>[\/et_pb_text][\/et_pb_column][\/et_pb_row][et_pb_row admin_label=&#8221;Image #3&#8243; _builder_version=&#8221;4.17.6&#8243; _module_preset=&#8221;default&#8221; width=&#8221;100%&#8221; collapsed=&#8221;on&#8221; global_colors_info=&#8221;{}&#8221;][et_pb_column type=&#8221;4_4&#8243; _builder_version=&#8221;4.17.6&#8243; _module_preset=&#8221;default&#8221; global_colors_info=&#8221;{}&#8221;][et_pb_image src=&#8221;https:\/\/camp-kovacine.com\/wp-content\/uploads\/2026\/04\/Plaza-Sv-Ivan-Lubenice-otok-Cres.webp&#8221; alt=&#8221;Pla\u017ea Sv Ivan Lubenice Cres pogled s pe\u010dine&#8221; title_text=&#8221;Pla\u017ea Sv Ivan pod Lubenicami &#8221; show_bottom_space=&#8221;off&#8221; force_fullwidth=&#8221;on&#8221; admin_label=&#8221;Image&#8221; _builder_version=&#8221;4.27.6&#8243; _module_preset=&#8221;default&#8221; width_phone=&#8221;100%&#8221; max_height=&#8221;100%&#8221; global_colors_info=&#8221;{}&#8221;][\/et_pb_image][et_pb_text _builder_version=&#8221;4.27.6&#8243; _module_preset=&#8221;e0931326-e1f5-4a2c-bc9f-a861f6ba6f25&#8243; global_colors_info=&#8221;{}&#8221;]<\/p>\n<p>Pla\u017ea sv. Ivan, Lubenice, otok Cres <\/p>\n<p>[\/et_pb_text][\/et_pb_column][\/et_pb_row][et_pb_row admin_label=&#8221;Text&#8221; _builder_version=&#8221;4.25.1&#8243; _module_preset=&#8221;default&#8221; background_color=&#8221;RGBA(255,255,255,0)&#8221; custom_padding=&#8221;0px||0px||true|false&#8221; collapsed=&#8221;off&#8221; global_colors_info=&#8221;{}&#8221;][et_pb_column type=&#8221;4_4&#8243; _builder_version=&#8221;4.17.6&#8243; _module_preset=&#8221;default&#8221; global_colors_info=&#8221;{}&#8221;][et_pb_text _builder_version=&#8221;4.27.6&#8243; _module_preset=&#8221;46f08ce4-42f3-4ed6-ae5c-e6d8b58a11cb&#8221; header_4_line_height=&#8221;1.4em&#8221; custom_padding_tablet=&#8221;&#8221; custom_padding_phone=&#8221;0px||0px||true|false&#8221; custom_padding_last_edited=&#8221;on|phone&#8221; global_colors_info=&#8221;{}&#8221;]<\/p>\n<h3>2. Valun\u2013Cres (lahko in di\u0161e\u010de)<\/h3>\n<p>Popolna pot za dneve, ko \u017eelite biti aktivni (vendar brez znoja in \u00bbpreve\u010d filozofije\u00ab). Pot povezuje o\u010darljiv kraj Valun z mestom Cres in vodi skozi olj\u010dne nasade, ob morju in skozi vonje Sredozemlja. <\/p>\n<ul>\n<li>Zahtevnost: lahka<\/li>\n<li>Popolna izbira za: pohode, lahek treking in celo dru\u017einske izlete<\/li>\n<li>Dodatna nagrada: lahko se ustavite in skopate<\/li>\n<\/ul>\n<p>[\/et_pb_text][\/et_pb_column][\/et_pb_row][et_pb_row admin_label=&#8221;Image #3&#8243; _builder_version=&#8221;4.17.6&#8243; _module_preset=&#8221;default&#8221; width=&#8221;100%&#8221; collapsed=&#8221;on&#8221; global_colors_info=&#8221;{}&#8221;][et_pb_column type=&#8221;4_4&#8243; _builder_version=&#8221;4.17.6&#8243; _module_preset=&#8221;default&#8221; global_colors_info=&#8221;{}&#8221;][et_pb_image src=&#8221;https:\/\/camp-kovacine.com\/wp-content\/uploads\/2026\/04\/Valun-malo-ribarsko-naselje-na-otoku-Cresu.webp&#8221; alt=&#8221;Valun ribi\u0161ka vas Cres&#8221; title_text=&#8221;Valun Cres&#8221; show_bottom_space=&#8221;off&#8221; admin_label=&#8221;Image&#8221; _builder_version=&#8221;4.27.6&#8243; _module_preset=&#8221;default&#8221; width_phone=&#8221;100%&#8221; max_height=&#8221;100%&#8221; global_colors_info=&#8221;{}&#8221;][\/et_pb_image][et_pb_text _builder_version=&#8221;4.27.6&#8243; _module_preset=&#8221;e0931326-e1f5-4a2c-bc9f-a861f6ba6f25&#8243; global_colors_info=&#8221;{}&#8221;]<\/p>\n<p>Valun, majhno ribi\u0161ko naselje na otoku Cresu<\/p>\n<p>[\/et_pb_text][\/et_pb_column][\/et_pb_row][et_pb_row admin_label=&#8221;Text&#8221; _builder_version=&#8221;4.25.1&#8243; _module_preset=&#8221;default&#8221; background_color=&#8221;RGBA(255,255,255,0)&#8221; custom_padding=&#8221;0px||0px||true|false&#8221; collapsed=&#8221;off&#8221; global_colors_info=&#8221;{}&#8221;][et_pb_column type=&#8221;4_4&#8243; _builder_version=&#8221;4.17.6&#8243; _module_preset=&#8221;default&#8221; global_colors_info=&#8221;{}&#8221;][et_pb_text _builder_version=&#8221;4.27.6&#8243; _module_preset=&#8221;46f08ce4-42f3-4ed6-ae5c-e6d8b58a11cb&#8221; header_4_line_height=&#8221;1.4em&#8221; custom_padding_tablet=&#8221;&#8221; custom_padding_phone=&#8221;0px||0px||true|false&#8221; custom_padding_last_edited=&#8221;on|phone&#8221; global_colors_info=&#8221;{}&#8221;]<\/p>\n<h3>3. Cres\u2013Predo\u0161\u0107ica<\/h3>\n<p>Pot v Predo\u0161\u0107ico vas popelje na enega tistih delov otoka, kjer ima narava glavno besedo.<\/p>\n<p>Na poti se izmenjujejo kamen, makadam in odprti pogledi in dlje kot greste, manj je sledi civilizacije in ve\u010d ob\u010dutka, da ste resni\u010dno \u00bbzunaj\u00ab, dale\u010d od vsega, kar vam povzro\u010da stres.<\/p>\n<p>Tu nekje poteka 45. vzporednik, tiha meja med severom in jugom, tako da se z vsakim dodatnim kilometrom pred va\u0161imi o\u010dmi pokrajina spremeni \u2013 od ostrej\u0161ega kamna do zelenja in olj\u010dnih nasadov, ki ustvarjajo tisto prepoznavno, s \u010dlove\u0161ko roko oblikovano pokrajino okoli Cresa. <\/p>\n<p>Okoli vas so odprti pa\u0161niki in stare sledi \u017eivljenja na krajih, kjer so se \u017ee zdavnaj pasle ovce, s \u010dimer celotna pot dobi miren, pozabljen ritem, v katerem \u010das te\u010de po\u010dasneje.<\/p>\n<p>Najbolj\u0161i del? Razgled proti otoku Krku \u2013 in to razgled, zaradi katerega samodejno upo\u010dasnite ne glede na to, ali hodite ali kolesarite. <\/p>\n<ul>\n<li>Zahtevnost: srednja<\/li>\n<li>Dodatna nagrada: odprt pogled na Krk in popoln mir<\/li>\n<\/ul>\n<p>[\/et_pb_text][\/et_pb_column][\/et_pb_row][et_pb_row admin_label=&#8221;Image #3&#8243; _builder_version=&#8221;4.17.6&#8243; _module_preset=&#8221;default&#8221; width=&#8221;100%&#8221; collapsed=&#8221;on&#8221; global_colors_info=&#8221;{}&#8221;][et_pb_column type=&#8221;4_4&#8243; _builder_version=&#8221;4.17.6&#8243; _module_preset=&#8221;default&#8221; global_colors_info=&#8221;{}&#8221;][et_pb_image src=&#8221;https:\/\/camp-kovacine.com\/wp-content\/uploads\/2026\/04\/Predoscica-otok-Cres.webp&#8221; alt=&#8221;Predo\u0161\u0107ica vas Cres&#8221; title_text=&#8221;Predo\u0161\u0107ica Cres&#8221; show_bottom_space=&#8221;off&#8221; admin_label=&#8221;Image&#8221; _builder_version=&#8221;4.27.6&#8243; _module_preset=&#8221;default&#8221; width_phone=&#8221;100%&#8221; max_height=&#8221;100%&#8221; global_colors_info=&#8221;{}&#8221;][\/et_pb_image][et_pb_text _builder_version=&#8221;4.27.6&#8243; _module_preset=&#8221;e0931326-e1f5-4a2c-bc9f-a861f6ba6f25&#8243; global_colors_info=&#8221;{}&#8221;]<\/p>\n<p>Predo\u0161\u0107ica, otok Cres<\/p>\n<p>[\/et_pb_text][\/et_pb_column][\/et_pb_row][et_pb_row admin_label=&#8221;Text&#8221; _builder_version=&#8221;4.25.1&#8243; _module_preset=&#8221;default&#8221; background_color=&#8221;RGBA(255,255,255,0)&#8221; custom_padding=&#8221;0px||0px||true|false&#8221; collapsed=&#8221;off&#8221; global_colors_info=&#8221;{}&#8221;][et_pb_column type=&#8221;4_4&#8243; _builder_version=&#8221;4.17.6&#8243; _module_preset=&#8221;default&#8221; global_colors_info=&#8221;{}&#8221;][et_pb_text _builder_version=&#8221;4.27.6&#8243; _module_preset=&#8221;46f08ce4-42f3-4ed6-ae5c-e6d8b58a11cb&#8221; header_4_line_height=&#8221;1.4em&#8221; custom_padding_tablet=&#8221;&#8221; custom_padding_phone=&#8221;0px||0px||true|false&#8221; custom_padding_last_edited=&#8221;on|phone&#8221; global_colors_info=&#8221;{}&#8221;]<\/p>\n<h4>Smetana za konec: kamp Kova\u010dine<\/h4>\n<p><strong>Ko se izgubite na najbolj\u0161i mo\u017een na\u010din,<\/strong> se vrnete malo pra\u0161ni, malo utrujeni in zelo zadovoljni s seboj.<\/p>\n<p>In potem spoznate, koliko resni\u010dno pomeni imeti bazo, ki te vedno \u010daka. <strong>Kamp Kova\u010dine<\/strong> je prav to \u2013 ima vse, kar potrebujete, ko se vrnete po resni\u010dno dobro izkori\u0161\u010denem dnevu.<\/p>\n<p><strong>Morje je le nekaj korakov stran, lahko izberete senco, \u010de \u017eelite,<\/strong> in obstaja resni\u010dna mo\u017enost, da bo ve\u010derja po takem dnevu najbolj\u0161a stvar v va\u0161em \u017eivljenju \u2013 \u010deprav bodo to morda le kuhane testenine.<\/p>\n<p>Sedite, pretegnite si noge in se spomnite, kje vse ste bili. N<strong>a pla\u017ei, z oran\u017enim son\u010dnim zahodom pod oljko, z nogami v plitvini in kozarcem doma\u010dega vina si lahko nazdravite<\/strong> in priznate \u2013 danes ste naredili veliko dobrega zase.<\/p>\n<p><strong>Ker v kampu Kova\u010dine nekako vedno postanete najbolj\u0161a razli\u010dica sebe.<\/strong><br \/>In realno \u2026 jutri bi ponovili.<\/p>\n<p>[\/et_pb_text][\/et_pb_column][\/et_pb_row][et_pb_row admin_label=&#8221;Image #3&#8243; _builder_version=&#8221;4.17.6&#8243; _module_preset=&#8221;default&#8221; width=&#8221;100%&#8221; collapsed=&#8221;on&#8221; global_colors_info=&#8221;{}&#8221;][et_pb_column type=&#8221;4_4&#8243; _builder_version=&#8221;4.17.6&#8243; _module_preset=&#8221;default&#8221; global_colors_info=&#8221;{}&#8221;][et_pb_image src=&#8221;https:\/\/camp-kovacine.com\/wp-content\/uploads\/2026\/04\/Kamp-Kovacine-Cres-otok-Cres.webp&#8221; alt=&#8221;Kamp Kova\u010dine Cres pogled iz zraka pla\u017ea svetilnik&#8221; title_text=&#8221;Kamp Kova\u010dine na otoku Cresu&#8221; show_bottom_space=&#8221;off&#8221; admin_label=&#8221;Image&#8221; _builder_version=&#8221;4.27.6&#8243; _module_preset=&#8221;default&#8221; width_phone=&#8221;100%&#8221; max_height=&#8221;100%&#8221; global_colors_info=&#8221;{}&#8221;][\/et_pb_image][et_pb_text _builder_version=&#8221;4.27.6&#8243; _module_preset=&#8221;e0931326-e1f5-4a2c-bc9f-a861f6ba6f25&#8243; global_colors_info=&#8221;{}&#8221;]<\/p>\n<p class=\"p1\">Kamp Kova\u010dine, Cres, otok Cres<\/p>\n<p>[\/et_pb_text][\/et_pb_column][\/et_pb_row][\/et_pb_section]<\/p>\n","protected":false},"excerpt":{"rendered":"<p>Obstaja letni \u010das, v katerem otok Cres preprosto zacveti kot \u017eiva razglednica. In ne le vizualno, temve\u010d kot tiha eksplozija \u2013 ko zrak di\u0161i po \u017eajblju in smilju, ko te sonce ravno prav greje in ko se ti zdi, da bi bilo \u0161koda pre\u017eiveti dan sede. \u010ce ste tip \u010dloveka, ki \u00bbdopusta\u00ab ne dojema kot [&hellip;]<\/p>\n","protected":false},"author":1,"featured_media":31598,"comment_status":"closed","ping_status":"open","sticky":false,"template":"","format":"standard","meta":{"_et_pb_use_builder":"on","_et_pb_old_content":"","_et_gb_content_width":"","footnotes":""},"categories":[24],"tags":[],"class_list":["post-31597","post","type-post","status-publish","format-standard","has-post-thumbnail","hentry","category-uncategorized-sl"],"_links":{"self":[{"href":"https:\/\/camp-kovacine.com\/sl\/wp-json\/wp\/v2\/posts\/31597","targetHints":{"allow":["GET"]}}],"collection":[{"href":"https:\/\/camp-kovacine.com\/sl\/wp-json\/wp\/v2\/posts"}],"about":[{"href":"https:\/\/camp-kovacine.com\/sl\/wp-json\/wp\/v2\/types\/post"}],"author":[{"embeddable":true,"href":"https:\/\/camp-kovacine.com\/sl\/wp-json\/wp\/v2\/users\/1"}],"replies":[{"embeddable":true,"href":"https:\/\/camp-kovacine.com\/sl\/wp-json\/wp\/v2\/comments?post=31597"}],"version-history":[{"count":4,"href":"https:\/\/camp-kovacine.com\/sl\/wp-json\/wp\/v2\/posts\/31597\/revisions"}],"predecessor-version":[{"id":31620,"href":"https:\/\/camp-kovacine.com\/sl\/wp-json\/wp\/v2\/posts\/31597\/revisions\/31620"}],"wp:featuredmedia":[{"embeddable":true,"href":"https:\/\/camp-kovacine.com\/sl\/wp-json\/wp\/v2\/media\/31598"}],"wp:attachment":[{"href":"https:\/\/camp-kovacine.com\/sl\/wp-json\/wp\/v2\/media?parent=31597"}],"wp:term":[{"taxonomy":"category","embeddable":true,"href":"https:\/\/camp-kovacine.com\/sl\/wp-json\/wp\/v2\/categories?post=31597"},{"taxonomy":"post_tag","embeddable":true,"href":"https:\/\/camp-kovacine.com\/sl\/wp-json\/wp\/v2\/tags?post=31597"}],"curies":[{"name":"wp","href":"https:\/\/api.w.org\/{rel}","templated":true}]}}