{"id":31601,"date":"2026-04-30T10:39:45","date_gmt":"2026-04-30T10:39:45","guid":{"rendered":"https:\/\/camp-kovacine.com\/isentieri-in-fiore-di-cres-una-vacanza-attiva-che-sa-di-campeggio-kovacine\/"},"modified":"2026-04-30T12:47:40","modified_gmt":"2026-04-30T12:47:40","slug":"isentieri-in-fiore-di-cres-una-vacanza-attiva-che-sa-di-campeggio-kovacine","status":"publish","type":"post","link":"https:\/\/camp-kovacine.com\/it\/isentieri-in-fiore-di-cres-una-vacanza-attiva-che-sa-di-campeggio-kovacine\/","title":{"rendered":"Isentieri in fiore di Cres: una vacanza attiva che sa di campeggio Kova\u010dine"},"content":{"rendered":"<p>[et_pb_section fb_built=&#8221;1&#8243; _builder_version=&#8221;4.25.1&#8243; _module_preset=&#8221;a8f3ca86-d58c-4c07-8229-71dae361d162&#8243; collapsed=&#8221;off&#8221; global_colors_info=&#8221;{}&#8221;][et_pb_row admin_label=&#8221;Text&#8221; _builder_version=&#8221;4.25.1&#8243; _module_preset=&#8221;default&#8221; background_color=&#8221;RGBA(255,255,255,0)&#8221; custom_padding=&#8221;0px||0px||true|false&#8221; collapsed=&#8221;off&#8221; global_colors_info=&#8221;{}&#8221;][et_pb_column type=&#8221;4_4&#8243; _builder_version=&#8221;4.17.6&#8243; _module_preset=&#8221;default&#8221; global_colors_info=&#8221;{}&#8221;][et_pb_text _builder_version=&#8221;4.27.4&#8243; _module_preset=&#8221;default&#8221; header_4_line_height=&#8221;1.4em&#8221; global_colors_info=&#8221;{}&#8221;]<\/p>\n<p>C\u2019\u00e8 una stagione in cui l\u2019isola di Cres (Cherso) fiorisce come una cartolina vivente. E non solo visivamente. Avete presente quella silenziosa esplosione di vita per tutti i sensi, quando l\u2019aria profuma di salvia e elicriso, quando il sole scalda al punto giusto e quando sarebbe semplicemente un peccato trascorrere la giornata seduti? <\/p>\n<p>Se non siete il tipo di persona per cui \u201cvacanza\u201d significa stare sdraiati in spiaggia per ore e ore (o, almeno, non ogni giorno \ud83d\ude0a), Cres in primavera vi offre qualcosa di speciale: una vacanza attiva che vi ricaricher\u00e0 in un modo che nessun centro benessere potr\u00e0 mai replicare.<\/p>\n<p>Potreste rendervi conto di essere usciti per fare una \u201cpasseggiatina\u201d&#8230; e di ritrovarvi tre ore dopo in un punto panoramico sopra il mare, con il vento tra i capelli a porvi la domanda: come siamo finiti qui? La risposta \u00e8 semplice: seguendo i sentieri dell\u2019isola. <\/p>\n<p>E non dei sentieri qualsiasi. Qui, ogni percorso vi invita a spingervi ancora un pizzico pi\u00f9 in l\u00e0 rispetto a quanto avevate pianificato. Decidete di partire per ammirare la vista, proseguite per inspirare la pace e continuate ad andare avanti perch\u00e9 semplicemente non avete voglia di tornare indietro.  <\/p>\n<p>[\/et_pb_text][et_pb_text _builder_version=&#8221;4.27.6&#8243; _module_preset=&#8221;46f08ce4-42f3-4ed6-ae5c-e6d8b58a11cb&#8221; global_colors_info=&#8221;{}&#8221;]<\/p>\n<h3>\u201cSoltanto un\u2019altra curva ancora!\u201d<\/h3>\n<p>Non dovete essere degli <em>escursionisti accaniti<\/em> per godervi Cres. Basta che abbiate un paio di scarpe da ginnastica e un po\u2019 di buona volont\u00e0. <\/p>\n<p>Vicino al <strong>campeggio Kova\u010dine <\/strong>avete a disposizione una folta rete di sentieri che attraversano la natura incontaminata, oltrepassano i muretti a secco, scendono leggermente tra gli oliveti e poi risalgono sopra il mare, che da qui vi sembrer\u00e0 dipinto con dell\u2019inchiostro blu intenso. E proprio quando penserete \u201cOK, ora torniamo indietro\u201d, vedrete apparire dinanzi a voi un\u2019altra curva che potenzialmente conduce a uno spettacolo ancora pi\u00f9 bello. E, ovviamente, dovrete verificare se \u00e8 cos\u00ec.  <\/p>\n<p>Che siate pi\u00f9 un tipo da \u201cleggera passeggiata panoramica\u201d o da \u201cproviamo ad affrontare una salita un po\u2019 pi\u00f9 impegnativa\u201d, qui troverete l\u2019itinerario adatto ai vostri gusti. Ciclisti, escursionisti, viaggiatori: il vostro percorso vi aspetta. <\/p>\n<p>E la parte migliore? Per la maggior parte del tempo non incontrerete nessuno. Tranne forse qualche pecora che vi guarder\u00e0 come se foste degli intrusi.  <\/p>\n<p>[\/et_pb_text][\/et_pb_column][\/et_pb_row][et_pb_row admin_label=&#8221;Foresta Tramuntana Cres&#8221; _builder_version=&#8221;4.27.6&#8243; _module_preset=&#8221;default&#8221; width=&#8221;100%&#8221; collapsed=&#8221;off&#8221; global_colors_info=&#8221;{}&#8221;][et_pb_column type=&#8221;4_4&#8243; _builder_version=&#8221;4.17.6&#8243; _module_preset=&#8221;default&#8221; global_colors_info=&#8221;{}&#8221;][et_pb_image src=&#8221;https:\/\/camp-kovacine.com\/wp-content\/uploads\/2026\/04\/Suma-Tramuntana-sjeverni-dio-otoka-Cresa.webp&#8221; alt=&#8221;Foresta Tramuntana Cres&#8221; title_text=&#8221;Foresta Tramuntana&#8221; show_bottom_space=&#8221;off&#8221; _builder_version=&#8221;4.27.6&#8243; _module_preset=&#8221;default&#8221; width_phone=&#8221;100%&#8221; max_height=&#8221;100%&#8221; global_colors_info=&#8221;{}&#8221;][\/et_pb_image][et_pb_text _builder_version=&#8221;4.27.6&#8243; _module_preset=&#8221;e0931326-e1f5-4a2c-bc9f-a861f6ba6f25&#8243; hover_enabled=&#8221;0&#8243; locked=&#8221;off&#8221; global_colors_info=&#8221;{}&#8221; sticky_enabled=&#8221;0&#8243;]<\/p>\n<p>Foresta Tramuntana, parte settentrionale dell&#8217;isola di Cres<\/p>\n<p>[\/et_pb_text][\/et_pb_column][\/et_pb_row][et_pb_row custom_padding_last_edited=&#8221;on|phone&#8221; admin_label=&#8221;Text&#8221; _builder_version=&#8221;4.25.1&#8243; _module_preset=&#8221;default&#8221; background_color=&#8221;RGBA(255,255,255,0)&#8221; custom_padding_tablet=&#8221;&#8221; custom_padding_phone=&#8221;0px||0px||true|false&#8221; collapsed=&#8221;off&#8221; global_colors_info=&#8221;{}&#8221;][et_pb_column type=&#8221;4_4&#8243; _builder_version=&#8221;4.17.6&#8243; _module_preset=&#8221;default&#8221; global_colors_info=&#8221;{}&#8221;][et_pb_text _builder_version=&#8221;4.27.6&#8243; _module_preset=&#8221;46f08ce4-42f3-4ed6-ae5c-e6d8b58a11cb&#8221; header_4_line_height=&#8221;1.4em&#8221; global_colors_info=&#8221;{}&#8221;]<\/p>\n<h3>Un\u2019esperienza bonus: aromi che risvegliano pi\u00f9 del caff\u00e8<\/h3>\n<p>Se non avete mai camminato tra i campi di salvia ed elicriso, preparatevi a fermarvi di tanto in tanto per fare qualche inspirazione profonda. Proprio come se steste partecipando a un laboratorio di <em>benessere<\/em>.<\/p>\n<p>Questa non \u00e8 una semplice passeggiata, \u00e8 una vera e propria esperienza <strong>aromaterapica<\/strong>. Ma naturale e all\u2019aria aperta. E, pensate, c\u2019\u00e8 la concreta possibilit\u00e0 che vi dimentichiate di controllare il cellulare perch\u00e9 sarete troppo impegnati a respirare. <\/p>\n<p>E se avrete comunque portato con voi lo smartphone (sappiamo che l\u2019avete fatto), liberate abbastanza spazio in memoria. Qui, anche il pi\u00f9 \u201cordinario\u201d dei sentieri sembra un <strong>susseguirsi delle pi\u00f9 belle copertine delle migliori riviste.<\/strong> <\/p>\n<p>[\/et_pb_text][\/et_pb_column][\/et_pb_row][et_pb_row use_custom_gutter=&#8221;on&#8221; gutter_width=&#8221;1&#8243; admin_label=&#8221;Campi di lavanda Cres&#8221; _builder_version=&#8221;4.26.0&#8243; _module_preset=&#8221;default&#8221; width=&#8221;100%&#8221; collapsed=&#8221;off&#8221; global_colors_info=&#8221;{}&#8221;][et_pb_column type=&#8221;4_4&#8243; _builder_version=&#8221;4.17.6&#8243; _module_preset=&#8221;default&#8221; global_colors_info=&#8221;{}&#8221;][et_pb_image src=&#8221;https:\/\/camp-kovacine.com\/wp-content\/uploads\/2026\/04\/Polja-lavande-otok-Cres.webp&#8221; alt=&#8221;La salvia (Salvia officinalis), isola di Cres&#8221; title_text=&#8221;La salvia, isola di Cres&#8221; _builder_version=&#8221;4.27.6&#8243; _module_preset=&#8221;default&#8221; width=&#8221;100%&#8221; max_width=&#8221;100%&#8221; min_height=&#8221;100%&#8221; height=&#8221;100%&#8221; max_height=&#8221;100%&#8221; hover_enabled=&#8221;0&#8243; custom_css_main_element=&#8221;width: 100%!important;&#8221; global_colors_info=&#8221;{}&#8221; custom_css_main_element_last_edited=&#8221;on|phone&#8221; custom_css_main_element_tablet=&#8221;width: 100%!important;&#8221; custom_css_main_element_phone=&#8221;width: 100%!important;&#8221; sticky_enabled=&#8221;0&#8243;][\/et_pb_image][et_pb_text _builder_version=&#8221;4.27.6&#8243; _module_preset=&#8221;e0931326-e1f5-4a2c-bc9f-a861f6ba6f25&#8243; hover_enabled=&#8221;0&#8243; locked=&#8221;off&#8221; global_colors_info=&#8221;{}&#8221; sticky_enabled=&#8221;0&#8243;]<\/p>\n<div>La salvia <em class=\"eujQNb\">(Salvia officinalis)<\/em>, isola di Cres<\/div>\n<p>[\/et_pb_text][\/et_pb_column][\/et_pb_row][et_pb_row admin_label=&#8221;Text&#8221; _builder_version=&#8221;4.25.1&#8243; _module_preset=&#8221;default&#8221; background_color=&#8221;RGBA(255,255,255,0)&#8221; custom_padding=&#8221;0px||0px||true|false&#8221; collapsed=&#8221;off&#8221; global_colors_info=&#8221;{}&#8221;][et_pb_column type=&#8221;4_4&#8243; _builder_version=&#8221;4.17.6&#8243; _module_preset=&#8221;default&#8221; global_colors_info=&#8221;{}&#8221;][et_pb_text _builder_version=&#8221;4.27.6&#8243; _module_preset=&#8221;46f08ce4-42f3-4ed6-ae5c-e6d8b58a11cb&#8221; header_4_line_height=&#8221;1.4em&#8221; custom_padding_tablet=&#8221;&#8221; custom_padding_phone=&#8221;0px||0px||true|false&#8221; custom_padding_last_edited=&#8221;on|phone&#8221; hover_enabled=&#8221;0&#8243; global_colors_info=&#8221;{}&#8221; sticky_enabled=&#8221;0&#8243;]<\/p>\n<h3>In bici attraverso Cres: la vostra avventura su due ruote<\/h3>\n<p>Se siete il tipo che \u201candiamo un po\u2019 pi\u00f9 veloci\u201d, Cres vi offre dei <strong>fantastici itinerari ciclabili<\/strong>, dalle facili pedalate lungo la costa ai terreni pi\u00f9 impegnativi adatti ai ciclisti pi\u00f9 esperti.<\/p>\n<p>Andare in bici \u00e8 pi\u00f9 di uno sport: \u00e8 il modo perfetto per scoprire l\u2019isola da una prospettiva diversa, tanto che vi chiederete chi abbia ideato tutto questo per renderlo cos\u00ec bello. I sentieri non sempre sono pianeggianti e agevoli, sono abbastanza impegnativi da farvi sentire di aver usato i muscoli (e di meritarvi quella cena senza sensi di colpa che, tra l&#8217;altro, ha sempre un sapore migliore dopo una pedalata: \u00e8 scientificamente provato \ud83d\ude09). <\/p>\n<p>[\/et_pb_text][\/et_pb_column][\/et_pb_row][et_pb_row admin_label=&#8221;Image #3&#8243; _builder_version=&#8221;4.17.6&#8243; _module_preset=&#8221;default&#8221; width=&#8221;100%&#8221; collapsed=&#8221;on&#8221; global_colors_info=&#8221;{}&#8221;][et_pb_column type=&#8221;4_4&#8243; _builder_version=&#8221;4.17.6&#8243; _module_preset=&#8221;default&#8221; global_colors_info=&#8221;{}&#8221;][et_pb_image src=&#8221;https:\/\/camp-kovacine.com\/wp-content\/uploads\/2026\/04\/Pjesacke-i-biciklisticke-staze-otok-Cres.webp&#8221; alt=&#8221;Sentiero trekking e bici Cres muretto&#8221; title_text=&#8221;Percorsi Cres&#8221; show_bottom_space=&#8221;off&#8221; force_fullwidth=&#8221;on&#8221; admin_label=&#8221;Image&#8221; _builder_version=&#8221;4.27.6&#8243; _module_preset=&#8221;default&#8221; width_phone=&#8221;100%&#8221; max_height=&#8221;100%&#8221; global_colors_info=&#8221;{}&#8221;][\/et_pb_image][et_pb_text _builder_version=&#8221;4.27.6&#8243; _module_preset=&#8221;e0931326-e1f5-4a2c-bc9f-a861f6ba6f25&#8243; global_colors_info=&#8221;{}&#8221;]<\/p>\n<p>Sentieri escursionistici e ciclabili, isola di Cres<\/p>\n<p>[\/et_pb_text][\/et_pb_column][\/et_pb_row][et_pb_row admin_label=&#8221;Text&#8221; _builder_version=&#8221;4.25.1&#8243; _module_preset=&#8221;default&#8221; background_color=&#8221;RGBA(255,255,255,0)&#8221; custom_padding=&#8221;0px||0px||true|false&#8221; collapsed=&#8221;off&#8221; global_colors_info=&#8221;{}&#8221;][et_pb_column type=&#8221;4_4&#8243; _builder_version=&#8221;4.17.6&#8243; _module_preset=&#8221;default&#8221; global_colors_info=&#8221;{}&#8221;][et_pb_text _builder_version=&#8221;4.27.6&#8243; _module_preset=&#8221;46f08ce4-42f3-4ed6-ae5c-e6d8b58a11cb&#8221; header_4_line_height=&#8221;1.4em&#8221; custom_padding_tablet=&#8221;&#8221; custom_padding_phone=&#8221;0px||0px||true|false&#8221; custom_padding_last_edited=&#8221;on|phone&#8221; global_colors_info=&#8221;{}&#8221;]<\/p>\n<h3>3 itinerari di trekking e MTB che non dimenticherete<\/h3>\n<p>Se non sapete da dove iniziare (e la scelta \u00e8 davvero ardua), ecco tre opzioni provate; una per ogni inclinazione (e con la precisazione che noi partiamo sempre dal campeggio Kova\u010dine):<\/p>\n<p>[\/et_pb_text][et_pb_text _builder_version=&#8221;4.27.6&#8243; _module_preset=&#8221;46f08ce4-42f3-4ed6-ae5c-e6d8b58a11cb&#8221; header_4_line_height=&#8221;1.4em&#8221; custom_padding_tablet=&#8221;&#8221; custom_padding_phone=&#8221;0px||0px||true|false&#8221; custom_padding_last_edited=&#8221;on|phone&#8221; global_colors_info=&#8221;{}&#8221;]<\/p>\n<h4>1. Cres \u2013 Lubenice (per un effetto \u201cwow\u201d)<\/h4>\n<p>Questo \u00e8 il tipo di percorso che vi far\u00e0 fermare pi\u00f9 volte del previsto, non per la stanchezza, ma per scattare un\u2019altra foto. Il sentiero conduce al villaggio di Lubenice, ubicato in alto sopra il mare, con vista su una delle spiagge pi\u00f9 belle dell\u2019isola. <\/p>\n<ul>\n<li>Difficolt\u00e0: media<\/li>\n<li>Ideale per: gli escursionisti e per chi ama essere ricompensato da un panorama spettacolare<\/li>\n<li>Bonus: vi dar\u00e0 la sensazione di aver scoperto qualcosa di speciale<\/li>\n<\/ul>\n<p>[\/et_pb_text][\/et_pb_column][\/et_pb_row][et_pb_row admin_label=&#8221;Image #3&#8243; _builder_version=&#8221;4.17.6&#8243; _module_preset=&#8221;default&#8221; width=&#8221;100%&#8221; collapsed=&#8221;on&#8221; global_colors_info=&#8221;{}&#8221;][et_pb_column type=&#8221;4_4&#8243; _builder_version=&#8221;4.17.6&#8243; _module_preset=&#8221;default&#8221; global_colors_info=&#8221;{}&#8221;][et_pb_image src=&#8221;https:\/\/camp-kovacine.com\/wp-content\/uploads\/2026\/04\/Plaza-Sv-Ivan-Lubenice-otok-Cres.webp&#8221; alt=&#8221;Spiaggia San Giovanni Lubenice Cres scogliera&#8221; title_text=&#8221;Spiaggia Sv Ivan sotto Lubenice &#8221; show_bottom_space=&#8221;off&#8221; force_fullwidth=&#8221;on&#8221; admin_label=&#8221;Image&#8221; _builder_version=&#8221;4.27.6&#8243; _module_preset=&#8221;default&#8221; width_phone=&#8221;100%&#8221; max_height=&#8221;100%&#8221; global_colors_info=&#8221;{}&#8221;][\/et_pb_image][et_pb_text _builder_version=&#8221;4.27.6&#8243; _module_preset=&#8221;e0931326-e1f5-4a2c-bc9f-a861f6ba6f25&#8243; global_colors_info=&#8221;{}&#8221;]<\/p>\n<p>Spiaggia di Sv. Ivan, Lubenice, isola di Cres <\/p>\n<p>[\/et_pb_text][\/et_pb_column][\/et_pb_row][et_pb_row admin_label=&#8221;Text&#8221; _builder_version=&#8221;4.25.1&#8243; _module_preset=&#8221;default&#8221; background_color=&#8221;RGBA(255,255,255,0)&#8221; custom_padding=&#8221;0px||0px||true|false&#8221; collapsed=&#8221;off&#8221; global_colors_info=&#8221;{}&#8221;][et_pb_column type=&#8221;4_4&#8243; _builder_version=&#8221;4.17.6&#8243; _module_preset=&#8221;default&#8221; global_colors_info=&#8221;{}&#8221;][et_pb_text _builder_version=&#8221;4.27.6&#8243; _module_preset=&#8221;46f08ce4-42f3-4ed6-ae5c-e6d8b58a11cb&#8221; header_4_line_height=&#8221;1.4em&#8221; custom_padding_tablet=&#8221;&#8221; custom_padding_phone=&#8221;0px||0px||true|false&#8221; custom_padding_last_edited=&#8221;on|phone&#8221; global_colors_info=&#8221;{}&#8221;]<\/p>\n<h3>2. Valun \u2013 Cres (facile e aromatico)<\/h3>\n<p>L\u2019itinerario perfetto per le giornate quando volete essere attivi, ma senza sudare troppo (e senza \u201ctroppe filosofie\u201d). Questo sentiero collega l\u2019incantevole borgo di Valun con la citt\u00e0 di Cres, attraversa gli oliveti, costeggia il mare e si immerge nei profumi del Mediterraneo. <\/p>\n<ul>\n<li>Difficolt\u00e0: facile<\/li>\n<li>Ideale per: fare delle passeggiate, un trekking leggero e anche per le gite in famiglia<\/li>\n<li>Bonus: lungo il percorso potete fermarvi per fare un bagno<\/li>\n<\/ul>\n<p>[\/et_pb_text][\/et_pb_column][\/et_pb_row][et_pb_row admin_label=&#8221;Image #3&#8243; _builder_version=&#8221;4.17.6&#8243; _module_preset=&#8221;default&#8221; width=&#8221;100%&#8221; collapsed=&#8221;on&#8221; global_colors_info=&#8221;{}&#8221;][et_pb_column type=&#8221;4_4&#8243; _builder_version=&#8221;4.17.6&#8243; _module_preset=&#8221;default&#8221; global_colors_info=&#8221;{}&#8221;][et_pb_image src=&#8221;https:\/\/camp-kovacine.com\/wp-content\/uploads\/2026\/04\/Valun-malo-ribarsko-naselje-na-otoku-Cresu.webp&#8221; alt=&#8221;Valun villaggio pescatori Cres&#8221; title_text=&#8221;Valun Cres&#8221; show_bottom_space=&#8221;off&#8221; admin_label=&#8221;Image&#8221; _builder_version=&#8221;4.27.6&#8243; _module_preset=&#8221;default&#8221; width_phone=&#8221;100%&#8221; max_height=&#8221;100%&#8221; global_colors_info=&#8221;{}&#8221;][\/et_pb_image][et_pb_text _builder_version=&#8221;4.27.6&#8243; _module_preset=&#8221;e0931326-e1f5-4a2c-bc9f-a861f6ba6f25&#8243; global_colors_info=&#8221;{}&#8221;]<\/p>\n<p>Valun, piccolo villaggio di pescatori sull\u2019isola di Cres<\/p>\n<p>[\/et_pb_text][\/et_pb_column][\/et_pb_row][et_pb_row admin_label=&#8221;Text&#8221; _builder_version=&#8221;4.25.1&#8243; _module_preset=&#8221;default&#8221; background_color=&#8221;RGBA(255,255,255,0)&#8221; custom_padding=&#8221;0px||0px||true|false&#8221; collapsed=&#8221;off&#8221; global_colors_info=&#8221;{}&#8221;][et_pb_column type=&#8221;4_4&#8243; _builder_version=&#8221;4.17.6&#8243; _module_preset=&#8221;default&#8221; global_colors_info=&#8221;{}&#8221;][et_pb_text _builder_version=&#8221;4.27.6&#8243; _module_preset=&#8221;46f08ce4-42f3-4ed6-ae5c-e6d8b58a11cb&#8221; header_4_line_height=&#8221;1.4em&#8221; custom_padding_tablet=&#8221;&#8221; custom_padding_phone=&#8221;0px||0px||true|false&#8221; custom_padding_last_edited=&#8221;on|phone&#8221; global_colors_info=&#8221;{}&#8221;]<\/p>\n<h3>3. Cres \u2013 Predo\u0161\u0107ica<\/h3>\n<p>L\u2019itinerario per Predo\u0161\u0107ica vi porta in una di quelle parti dell\u2019isola dove la natura regna sovrana.<\/p>\n<p>Lungo il sentiero si alternano tratti di pietra, macadam, viste aperte e, man mano che si procede, diminuiscono i segni della civilt\u00e0 e aumenta la sensazione di trovarvi davvero \u201clontano\u201d, distanti da ogni fonte di stress.<\/p>\n<p>Qui da qualche parte passa anche il 45\u00b0 parallelo, il confine silenzioso tra nord e sud, sicch\u00e9, proseguendo, vedrete anche il paesaggio cambiare davanti ai vostri occhi: dalla pietra pi\u00f9 aspra al verde degli olivi che creano il riconoscibile paesaggio antropizzato che caratterizza Cres. <\/p>\n<p>In questi luoghi, dove le pecore pascolano da sempre, vedrete estendersi i pascoli infiniti e le antiche tracce di vita. L\u2019intero itinerario assume cos\u00ec un ritmo pi\u00f9 tranquillo, dimenticato, in cui il tempo scorre pi\u00f9 lentamente.<\/p>\n<p>E la parte migliore? La vista che si apre sull\u2019isola di Krk: il tipo di panorama che vi induce automaticamente a rallentare, sia che siate giunti a piedi o in sella alla vostra bici. <\/p>\n<ul>\n<li>Difficolt\u00e0 media<\/li>\n<li>Bonus: viste indisturbate su Krk e pace assoluta<\/li>\n<\/ul>\n<p>[\/et_pb_text][\/et_pb_column][\/et_pb_row][et_pb_row admin_label=&#8221;Image #3&#8243; _builder_version=&#8221;4.17.6&#8243; _module_preset=&#8221;default&#8221; width=&#8221;100%&#8221; collapsed=&#8221;on&#8221; global_colors_info=&#8221;{}&#8221;][et_pb_column type=&#8221;4_4&#8243; _builder_version=&#8221;4.17.6&#8243; _module_preset=&#8221;default&#8221; global_colors_info=&#8221;{}&#8221;][et_pb_image src=&#8221;https:\/\/camp-kovacine.com\/wp-content\/uploads\/2026\/04\/Predoscica-otok-Cres.webp&#8221; alt=&#8221;Predoscica villaggio Cres&#8221; title_text=&#8221;Predoscica Cres&#8221; show_bottom_space=&#8221;off&#8221; admin_label=&#8221;Image&#8221; _builder_version=&#8221;4.27.6&#8243; _module_preset=&#8221;default&#8221; width_phone=&#8221;100%&#8221; max_height=&#8221;100%&#8221; global_colors_info=&#8221;{}&#8221;][\/et_pb_image][et_pb_text _builder_version=&#8221;4.27.6&#8243; _module_preset=&#8221;e0931326-e1f5-4a2c-bc9f-a861f6ba6f25&#8243; global_colors_info=&#8221;{}&#8221;]<\/p>\n<p>Predo\u0161\u0107ica, isola di Cres<\/p>\n<p>[\/et_pb_text][\/et_pb_column][\/et_pb_row][et_pb_row admin_label=&#8221;Text&#8221; _builder_version=&#8221;4.25.1&#8243; _module_preset=&#8221;default&#8221; background_color=&#8221;RGBA(255,255,255,0)&#8221; custom_padding=&#8221;0px||0px||true|false&#8221; collapsed=&#8221;off&#8221; global_colors_info=&#8221;{}&#8221;][et_pb_column type=&#8221;4_4&#8243; _builder_version=&#8221;4.17.6&#8243; _module_preset=&#8221;default&#8221; global_colors_info=&#8221;{}&#8221;][et_pb_text _builder_version=&#8221;4.27.6&#8243; _module_preset=&#8221;46f08ce4-42f3-4ed6-ae5c-e6d8b58a11cb&#8221; header_4_line_height=&#8221;1.4em&#8221; custom_padding_tablet=&#8221;&#8221; custom_padding_phone=&#8221;0px||0px||true|false&#8221; custom_padding_last_edited=&#8221;on|phone&#8221; global_colors_info=&#8221;{}&#8221;]<\/p>\n<h4>La ciliegina sulla torta: il campeggio Kova\u010dine<\/h4>\n<p><strong>Dopo esservi perduti nel modo migliore possibile<\/strong>, tornerete al vostro campeggio un po\u2019 impolverati, leggermente stanchi, ma molto soddisfatti di voi stessi.<\/p>\n<p>E allora vi renderete conto di quanto sia importante avere una base che vi aspetta sempre. Il <strong>campeggio Kova\u010dine<\/strong> \u00e8 proprio questo e in pi\u00f9 vi offre tutto ci\u00f2 di cui potreste aver bisogno quando vi farete ritorno da una giornata che avrete sfruttato al massimo.<\/p>\n<p><strong>Il mare \u00e8 a pochi passi, l\u2019ombra vi aspetta<\/strong> e con ogni probabilit\u00e0, la cena qui potrebbe rivelarsi la migliore della vostra vita. Anche se si tratta di un semplice piatto di pasta.<\/p>\n<p>Vi sedete, allungate le gambe e ripensate a dove siete stati. <strong>Sulla spiaggia, ammirando il tramonto arancione sotto un olivo, con i piedi a sfiorare la superficie del mare e con in mano un bicchiere di vino locale, potrete brindare a voi stessi<\/strong> e ammettere che oggi avete fatto qualcosa di davvero buono per voi.<\/p>\n<p><strong>Perch\u00e9 al campeggio Kova\u010dine diventate sempre in qualche modo la versione migliore di voi stessi.<\/strong><br \/>E domani lo rifareste di nuovo.<\/p>\n<p>[\/et_pb_text][\/et_pb_column][\/et_pb_row][et_pb_row admin_label=&#8221;Image #3&#8243; _builder_version=&#8221;4.17.6&#8243; _module_preset=&#8221;default&#8221; width=&#8221;100%&#8221; collapsed=&#8221;on&#8221; global_colors_info=&#8221;{}&#8221;][et_pb_column type=&#8221;4_4&#8243; _builder_version=&#8221;4.17.6&#8243; _module_preset=&#8221;default&#8221; global_colors_info=&#8221;{}&#8221;][et_pb_image src=&#8221;https:\/\/camp-kovacine.com\/wp-content\/uploads\/2026\/04\/Kamp-Kovacine-Cres-otok-Cres.webp&#8221; alt=&#8221;Campeggio Kovacine Cres vista aerea spiaggia faro&#8221; title_text=&#8221;Campeggio Kovacine sull\u2019isola di Cres&#8221; show_bottom_space=&#8221;off&#8221; admin_label=&#8221;Image&#8221; _builder_version=&#8221;4.27.6&#8243; _module_preset=&#8221;default&#8221; width_phone=&#8221;100%&#8221; max_height=&#8221;100%&#8221; global_colors_info=&#8221;{}&#8221;][\/et_pb_image][et_pb_text _builder_version=&#8221;4.27.6&#8243; _module_preset=&#8221;e0931326-e1f5-4a2c-bc9f-a861f6ba6f25&#8243; global_colors_info=&#8221;{}&#8221;]<\/p>\n<p class=\"p1\">Campeggio Kova\u010dine, isola di Cres<\/p>\n<p>[\/et_pb_text][\/et_pb_column][\/et_pb_row][\/et_pb_section]<\/p>\n","protected":false},"excerpt":{"rendered":"<p>C\u2019\u00e8 una stagione in cui l\u2019isola di Cres (Cherso) fiorisce come una cartolina vivente. E non solo visivamente. Avete presente quella silenziosa esplosione di vita per tutti i sensi, quando l\u2019aria profuma di salvia e elicriso, quando il sole scalda al punto giusto e quando sarebbe semplicemente un peccato trascorrere la giornata seduti? Se non [&hellip;]<\/p>\n","protected":false},"author":1,"featured_media":31602,"comment_status":"closed","ping_status":"open","sticky":false,"template":"","format":"standard","meta":{"_et_pb_use_builder":"on","_et_pb_old_content":"","_et_gb_content_width":"","footnotes":""},"categories":[23],"tags":[],"class_list":["post-31601","post","type-post","status-publish","format-standard","has-post-thumbnail","hentry","category-non-categorizzato"],"_links":{"self":[{"href":"https:\/\/camp-kovacine.com\/it\/wp-json\/wp\/v2\/posts\/31601","targetHints":{"allow":["GET"]}}],"collection":[{"href":"https:\/\/camp-kovacine.com\/it\/wp-json\/wp\/v2\/posts"}],"about":[{"href":"https:\/\/camp-kovacine.com\/it\/wp-json\/wp\/v2\/types\/post"}],"author":[{"embeddable":true,"href":"https:\/\/camp-kovacine.com\/it\/wp-json\/wp\/v2\/users\/1"}],"replies":[{"embeddable":true,"href":"https:\/\/camp-kovacine.com\/it\/wp-json\/wp\/v2\/comments?post=31601"}],"version-history":[{"count":4,"href":"https:\/\/camp-kovacine.com\/it\/wp-json\/wp\/v2\/posts\/31601\/revisions"}],"predecessor-version":[{"id":31622,"href":"https:\/\/camp-kovacine.com\/it\/wp-json\/wp\/v2\/posts\/31601\/revisions\/31622"}],"wp:featuredmedia":[{"embeddable":true,"href":"https:\/\/camp-kovacine.com\/it\/wp-json\/wp\/v2\/media\/31602"}],"wp:attachment":[{"href":"https:\/\/camp-kovacine.com\/it\/wp-json\/wp\/v2\/media?parent=31601"}],"wp:term":[{"taxonomy":"category","embeddable":true,"href":"https:\/\/camp-kovacine.com\/it\/wp-json\/wp\/v2\/categories?post=31601"},{"taxonomy":"post_tag","embeddable":true,"href":"https:\/\/camp-kovacine.com\/it\/wp-json\/wp\/v2\/tags?post=31601"}],"curies":[{"name":"wp","href":"https:\/\/api.w.org\/{rel}","templated":true}]}}