{"id":31605,"date":"2026-04-30T10:39:45","date_gmt":"2026-04-30T10:39:45","guid":{"rendered":"https:\/\/camp-kovacine.com\/bluehende-wege-auf-cres-aktivurlaub-der-nach-dem-campingplatz-kovacine-duftet\/"},"modified":"2026-04-30T12:48:56","modified_gmt":"2026-04-30T12:48:56","slug":"bluehende-wege-auf-cres-aktivurlaub-der-nach-dem-campingplatz-kovacine-duftet","status":"publish","type":"post","link":"https:\/\/camp-kovacine.com\/de\/bluehende-wege-auf-cres-aktivurlaub-der-nach-dem-campingplatz-kovacine-duftet\/","title":{"rendered":"Bl\u00fchende Wege auf Cres: Aktivurlaub, der nach dem Campingplatz Kova\u010dine duftet"},"content":{"rendered":"<p>[et_pb_section fb_built=&#8220;1&#8243; _builder_version=&#8220;4.25.1&#8243; _module_preset=&#8220;a8f3ca86-d58c-4c07-8229-71dae361d162&#8243; collapsed=&#8220;off&#8220; global_colors_info=&#8220;{}&#8220;][et_pb_row admin_label=&#8220;Text&#8220; _builder_version=&#8220;4.25.1&#8243; _module_preset=&#8220;default&#8220; background_color=&#8220;RGBA(255,255,255,0)&#8220; custom_padding=&#8220;0px||0px||true|false&#8220; collapsed=&#8220;off&#8220; global_colors_info=&#8220;{}&#8220;][et_pb_column type=&#8220;4_4&#8243; _builder_version=&#8220;4.17.6&#8243; _module_preset=&#8220;default&#8220; global_colors_info=&#8220;{}&#8220;][et_pb_text _builder_version=&#8220;4.27.4&#8243; _module_preset=&#8220;default&#8220; header_4_line_height=&#8220;1.4em&#8220; global_colors_info=&#8220;{}&#8220;]<\/p>\n<p>Es gibt eine Jahreszeit, in der die Insel Cres wie eine lebendige Postkarte erbl\u00fcht. Und das nicht nur f\u00fcrs Auge \u2013 vielmehr ist es eine stille Explosion der Sinne: wenn die Luft nach Salbei und Immortelle duftet, die Sonne genau richtig w\u00e4rmt und man das Gef\u00fchl hat, es w\u00e4re schlicht schade, den Tag im Sitzen zu verbringen. <\/p>\n<p>Wenn Sie zu den Menschen geh\u00f6ren, die \u201eUrlaub\u201c nicht als siebenst\u00fcndiges Liegen am Strand verstehen (oder zumindest nicht jeden Tag \ud83d\ude0a), dann bietet Cres im Fr\u00fchling etwas ganz Besonderes: einen Aktivurlaub, der die Batterien auf eine Weise aufl\u00e4dt, wie es kein <em>Wellnessbereich<\/em> je k\u00f6nnte.<\/p>\n<p>Vielleicht kennen Sie diesen besonderen Moment: Eigentlich wollen Sie nur \u201ekurz spazieren gehen\u201c \u2013 und pl\u00f6tzlich stehen Sie drei Stunden sp\u00e4ter hoch \u00fcber dem Meer, sp\u00fcren den Wind im Haar und fragen sich leise: Wie sind wir nur hierhergekommen? Die Antwort ist so einfach wie verlockend \u2013 es sind die Wege. <\/p>\n<p>Und zwar keine gew\u00f6hnlichen. Jeder einzelne von ihnen zieht Ihnen sanft ein St\u00fcck weiter, als Ihr es je vorhatten. Sie brechen auf wegen der Aussicht, gehen weiter getragen von der Ruhe \u2013 und bleiben, weil Ihr sich l\u00e4ngst in diesem Moment verloren haben und gar nicht mehr umkehren m\u00f6chten.  <\/p>\n<p>[\/et_pb_text][et_pb_text _builder_version=&#8220;4.27.6&#8243; _module_preset=&#8220;46f08ce4-42f3-4ed6-ae5c-e6d8b58a11cb&#8220; global_colors_info=&#8220;{}&#8220;]<\/p>\n<h3>\u201eNur noch diese eine Kurve!\u201c<\/h3>\n<p>Auf Cres m\u00fcssen Sie kein <em>Hardcore-Wanderer<\/em> sein, um die Natur zu genie\u00dfen. Turnschuhe und ein wenig Lust auf Bewegung reichen v\u00f6llig aus. <\/p>\n<p><strong>In der N\u00e4he des Campingplatzes Kova\u010dine <\/strong>erstreckt sich ein ganzes Netz an Wegen durch unber\u00fchrte Natur: Sie f\u00fchren \u00fcber Trockenmauern, durch Olivenhaine, hinunter und wieder hinauf \u2013 bis \u00fcber das Meer, das aussieht, als h\u00e4tte jemand es mit tiefblauer Tinte gef\u00e4rbt. Und genau dann, wenn Sie denken: \u201eOkay, jetzt gehen wir zur\u00fcck\u201c, erscheint eine weitere Kurve \u2013 eine, die aussieht, als w\u00fcrde sie zu etwas noch Sch\u00f6nerem f\u00fchren. Und nat\u00fcrlich m\u00fcssen Sie nachsehen.  <\/p>\n<p>Ob Sie eher der Typ f\u00fcr \u201eentspannte Spazierg\u00e4nge mit Aussicht\u201c sind oder lieber \u201eetwas ambitionierter bergauf\u201c unterwegs \u2013 hier finden Sie garantiert Ihre perfekte Route. Radfahrer, Wanderer, Spazierg\u00e4nger \u2013 alle kommen auf ihre Kosten. <\/p>\n<p>Und das Beste daran? Die meiste Zeit begegnen Sie niemandem. Vielleicht nur einem Schaf, das Ihr ansieht, als w\u00e4ren Sie der Eindringling.  <\/p>\n<p>[\/et_pb_text][\/et_pb_column][\/et_pb_row][et_pb_row admin_label=&#8220;Image #1&#8243; _builder_version=&#8220;4.27.6&#8243; _module_preset=&#8220;default&#8220; width=&#8220;100%&#8220; collapsed=&#8220;off&#8220; global_colors_info=&#8220;{}&#8220;][et_pb_column type=&#8220;4_4&#8243; _builder_version=&#8220;4.17.6&#8243; _module_preset=&#8220;default&#8220; global_colors_info=&#8220;{}&#8220;][et_pb_image src=&#8220;https:\/\/camp-kovacine.com\/wp-content\/uploads\/2026\/04\/Suma-Tramuntana-sjeverni-dio-otoka-Cresa.webp&#8220; alt=&#8220;Tramuntana Wald Cres&#8220; title_text=&#8220;Tramuntana Wald&#8220; show_bottom_space=&#8220;off&#8220; _builder_version=&#8220;4.27.6&#8243; _module_preset=&#8220;default&#8220; width_phone=&#8220;100%&#8220; max_height=&#8220;100%&#8220; global_colors_info=&#8220;{}&#8220;][\/et_pb_image][et_pb_text _builder_version=&#8220;4.27.6&#8243; _module_preset=&#8220;e0931326-e1f5-4a2c-bc9f-a861f6ba6f25&#8243; hover_enabled=&#8220;0&#8243; locked=&#8220;off&#8220; global_colors_info=&#8220;{}&#8220; sticky_enabled=&#8220;0&#8243;]<\/p>\n<p>Tramuntana-Wald, n\u00f6rdlicher Teil der Insel Cres<\/p>\n<p>[\/et_pb_text][\/et_pb_column][\/et_pb_row][et_pb_row custom_padding_last_edited=&#8220;on|phone&#8220; admin_label=&#8220;Text&#8220; _builder_version=&#8220;4.25.1&#8243; _module_preset=&#8220;default&#8220; background_color=&#8220;RGBA(255,255,255,0)&#8220; custom_padding_tablet=&#8220;&#8220; custom_padding_phone=&#8220;0px||0px||true|false&#8220; collapsed=&#8220;off&#8220; global_colors_info=&#8220;{}&#8220;][et_pb_column type=&#8220;4_4&#8243; _builder_version=&#8220;4.17.6&#8243; _module_preset=&#8220;default&#8220; global_colors_info=&#8220;{}&#8220;][et_pb_text _builder_version=&#8220;4.27.6&#8243; _module_preset=&#8220;46f08ce4-42f3-4ed6-ae5c-e6d8b58a11cb&#8220; header_4_line_height=&#8220;1.4em&#8220; global_colors_info=&#8220;{}&#8220;]<\/p>\n<h3>Bonus-Level: D\u00fcfte, die besser wirken als Kaffee<\/h3>\n<p>Wenn Sie noch nie durch Felder voller Salbei und Immortelle gewandert sind \u2013 dann machen Sie sich darauf gefasst, immer wieder stehen zu bleiben und tief durchzuatmen, als w\u00e4ren Sie bei einem Wellness-Retreat.<\/p>\n<p>Das ist nicht einfach nur ein Spaziergang \u2013 das ist pure <strong>Aromatherapie<\/strong>.<br \/>Nat\u00fcrlich, unter freiem Himmel. Und stellen Sie sich vor: Es besteht eine echte Chance, dass Sie ganz vergessen, auf Ihr Handy zu schauen \u2013 einfach, weil Sie zu sehr mit Atmen besch\u00e4ftigt sind. <\/p>\n<p>Und falls Sie es doch dabeihaben (wir wissen, dass Sie es haben):<br \/>Sorgen Sie lieber vorher f\u00fcr ausreichend Speicherplatz. Hier wirkt selbst ein \u201egew\u00f6hnlicher\u201c Weg wie eine <strong>Abfolge von Magazincovern<\/strong>. <\/p>\n<p>[\/et_pb_text][\/et_pb_column][\/et_pb_row][et_pb_row use_custom_gutter=&#8220;on&#8220; gutter_width=&#8220;1&#8243; admin_label=&#8220;Image #2&#8243; _builder_version=&#8220;4.26.0&#8243; _module_preset=&#8220;default&#8220; width=&#8220;100%&#8220; collapsed=&#8220;off&#8220; global_colors_info=&#8220;{}&#8220;][et_pb_column type=&#8220;4_4&#8243; _builder_version=&#8220;4.17.6&#8243; _module_preset=&#8220;default&#8220; global_colors_info=&#8220;{}&#8220;][et_pb_image src=&#8220;https:\/\/camp-kovacine.com\/wp-content\/uploads\/2026\/04\/Polja-lavande-otok-Cres.webp&#8220; alt=&#8220;Salbei (Salvia officinalis), Insel Cres&#8220; title_text=&#8220;Salbei, Insel Cres&#8220; _builder_version=&#8220;4.27.6&#8243; _module_preset=&#8220;default&#8220; width=&#8220;100%&#8220; max_width=&#8220;100%&#8220; min_height=&#8220;100%&#8220; height=&#8220;100%&#8220; max_height=&#8220;100%&#8220; hover_enabled=&#8220;0&#8243; custom_css_main_element=&#8220;width: 100%!important;&#8220; global_colors_info=&#8220;{}&#8220; custom_css_main_element_last_edited=&#8220;on|phone&#8220; custom_css_main_element_tablet=&#8220;width: 100%!important;&#8220; custom_css_main_element_phone=&#8220;width: 100%!important;&#8220; sticky_enabled=&#8220;0&#8243;][\/et_pb_image][et_pb_text _builder_version=&#8220;4.27.6&#8243; _module_preset=&#8220;e0931326-e1f5-4a2c-bc9f-a861f6ba6f25&#8243; hover_enabled=&#8220;0&#8243; locked=&#8220;off&#8220; global_colors_info=&#8220;{}&#8220; sticky_enabled=&#8220;0&#8243;]<\/p>\n<div>Salbei <em class=\"eujQNb\">(Salvia officinalis)<\/em>, Insel Cres<\/div>\n<p>[\/et_pb_text][\/et_pb_column][\/et_pb_row][et_pb_row admin_label=&#8220;Text&#8220; _builder_version=&#8220;4.25.1&#8243; _module_preset=&#8220;default&#8220; background_color=&#8220;RGBA(255,255,255,0)&#8220; custom_padding=&#8220;0px||0px||true|false&#8220; collapsed=&#8220;off&#8220; global_colors_info=&#8220;{}&#8220;][et_pb_column type=&#8220;4_4&#8243; _builder_version=&#8220;4.17.6&#8243; _module_preset=&#8220;default&#8220; global_colors_info=&#8220;{}&#8220;][et_pb_text _builder_version=&#8220;4.27.6&#8243; _module_preset=&#8220;46f08ce4-42f3-4ed6-ae5c-e6d8b58a11cb&#8220; header_4_line_height=&#8220;1.4em&#8220; custom_padding_tablet=&#8220;&#8220; custom_padding_phone=&#8220;0px||0px||true|false&#8220; custom_padding_last_edited=&#8220;on|phone&#8220; hover_enabled=&#8220;0&#8243; global_colors_info=&#8220;{}&#8220; sticky_enabled=&#8220;0&#8243;]<\/p>\n<h3>Mit dem Fahrrad durch Cres \u2013 Abenteuer auf zwei R\u00e4dern<\/h3>\n<p>Wenn Sie eher vom Typ \u201eein bisschen schneller unterwegs\u201c sind, bietet Cres h<strong>ervorragende Fahrradrouten<\/strong> \u2013 von entspannten K\u00fcstenfahrten bis hin zu anspruchsvolleren Strecken f\u00fcr erfahrene Biker.<\/p>\n<p>Radfahren ist hier weit mehr als nur Bewegung \u2013 es ist die sch\u00f6nste Art, die Insel aus einer v\u00f6llig neuen Perspektive zu erleben. So sehr, dass man sich unweigerlich fragt, wer diese Landschaft mit so viel Gesp\u00fcr f\u00fcr Sch\u00f6nheit komponiert hat. Es ist nicht eben und nicht immer m\u00fchelos \u2013 aber genauso fordernd, dass Sie am Ende das wunderbare Gef\u00fchl haben, wirklich etwas geschafft zu haben. Und Ihr das Abendessen ohne den kleinsten Anflug von schlechtem Gewissen schmecken l\u00e4sst \u2013 das nach so einer Tour \u00fcbrigens immer noch ein bisschen besser ist. Fast schon wissenschaftlich bewiesen \ud83d\ude09. <\/p>\n<p>[\/et_pb_text][\/et_pb_column][\/et_pb_row][et_pb_row admin_label=&#8220;Image #3&#8243; _builder_version=&#8220;4.17.6&#8243; _module_preset=&#8220;default&#8220; width=&#8220;100%&#8220; collapsed=&#8220;on&#8220; global_colors_info=&#8220;{}&#8220;][et_pb_column type=&#8220;4_4&#8243; _builder_version=&#8220;4.17.6&#8243; _module_preset=&#8220;default&#8220; global_colors_info=&#8220;{}&#8220;][et_pb_image src=&#8220;https:\/\/camp-kovacine.com\/wp-content\/uploads\/2026\/04\/Pjesacke-i-biciklisticke-staze-otok-Cres.webp&#8220; alt=&#8220;Wander und Radweg Cres Trockenmauer&#8220; title_text=&#8220;Wege Cres&#8220; show_bottom_space=&#8220;off&#8220; force_fullwidth=&#8220;on&#8220; admin_label=&#8220;Image&#8220; _builder_version=&#8220;4.27.6&#8243; _module_preset=&#8220;default&#8220; width_phone=&#8220;100%&#8220; max_height=&#8220;100%&#8220; global_colors_info=&#8220;{}&#8220;][\/et_pb_image][et_pb_text _builder_version=&#8220;4.27.6&#8243; _module_preset=&#8220;e0931326-e1f5-4a2c-bc9f-a861f6ba6f25&#8243; global_colors_info=&#8220;{}&#8220;]<\/p>\n<p>Wander- und Radwege, Insel Cres<\/p>\n<p>[\/et_pb_text][\/et_pb_column][\/et_pb_row][et_pb_row admin_label=&#8220;Text&#8220; _builder_version=&#8220;4.25.1&#8243; _module_preset=&#8220;default&#8220; background_color=&#8220;RGBA(255,255,255,0)&#8220; custom_padding=&#8220;0px||0px||true|false&#8220; collapsed=&#8220;off&#8220; global_colors_info=&#8220;{}&#8220;][et_pb_column type=&#8220;4_4&#8243; _builder_version=&#8220;4.17.6&#8243; _module_preset=&#8220;default&#8220; global_colors_info=&#8220;{}&#8220;][et_pb_text _builder_version=&#8220;4.27.6&#8243; _module_preset=&#8220;46f08ce4-42f3-4ed6-ae5c-e6d8b58a11cb&#8220; header_4_line_height=&#8220;1.4em&#8220; custom_padding_tablet=&#8220;&#8220; custom_padding_phone=&#8220;0px||0px||true|false&#8220; custom_padding_last_edited=&#8220;on|phone&#8220; global_colors_info=&#8220;{}&#8220;]<\/p>\n<h3>Top 3 Trekking- &amp; MTB-Routen, die du nicht vergessen wirst<\/h3>\n<p>Falls Sie nicht wissen, wo Sie anfangen sollen (und die Auswahl ist wirklich gro\u00df), hier sind drei bew\u00e4hrte Optionen \u2013 f\u00fcr jede Stimmung. (Kleiner Hinweis: Wir starten immer vom Campingplatz Kova\u010dine.)<\/p>\n<p>[\/et_pb_text][et_pb_text _builder_version=&#8220;4.27.6&#8243; _module_preset=&#8220;46f08ce4-42f3-4ed6-ae5c-e6d8b58a11cb&#8220; header_4_line_height=&#8220;1.4em&#8220; custom_padding_tablet=&#8220;&#8220; custom_padding_phone=&#8220;0px||0px||true|false&#8220; custom_padding_last_edited=&#8220;on|phone&#8220; global_colors_info=&#8220;{}&#8220;]<\/p>\n<h4>1. Cres \u2013 Lubenice (f\u00fcr den \u201eWow\u201c-Effekt)<\/h4>\n<p>m\u00fcde sind, sondern weil Sie noch ein Foto machen m\u00f6chten. Der Weg f\u00fchrt zum Dorf Lubenice, hoch \u00fcber dem Meer gelegen, mit Blick auf einen der sch\u00f6nsten Str\u00e4nde der Insel. <\/p>\n<ul>\n<li>Schwierigkeitsgrad: mittelschwer<\/li>\n<li>Ideal f\u00fcr: Wanderer und alle, die mit spektakul\u00e4ren Ausblicken belohnt werden m\u00f6chten<\/li>\n<li>Bonus: das Gef\u00fchl, etwas ganz Besonderes entdeckt zu haben<\/li>\n<\/ul>\n<p>[\/et_pb_text][\/et_pb_column][\/et_pb_row][et_pb_row admin_label=&#8220;Image #3&#8243; _builder_version=&#8220;4.17.6&#8243; _module_preset=&#8220;default&#8220; width=&#8220;100%&#8220; collapsed=&#8220;on&#8220; global_colors_info=&#8220;{}&#8220;][et_pb_column type=&#8220;4_4&#8243; _builder_version=&#8220;4.17.6&#8243; _module_preset=&#8220;default&#8220; global_colors_info=&#8220;{}&#8220;][et_pb_image src=&#8220;https:\/\/camp-kovacine.com\/wp-content\/uploads\/2026\/04\/Plaza-Sv-Ivan-Lubenice-otok-Cres.webp&#8220; alt=&#8220;Strand Sv Ivan Lubenice Cres Klippenblick&#8220; title_text=&#8220;Strand Sv Ivan unter Lubenice &#8220; show_bottom_space=&#8220;off&#8220; force_fullwidth=&#8220;on&#8220; admin_label=&#8220;Image&#8220; _builder_version=&#8220;4.27.6&#8243; _module_preset=&#8220;default&#8220; width_phone=&#8220;100%&#8220; max_height=&#8220;100%&#8220; global_colors_info=&#8220;{}&#8220;][\/et_pb_image][et_pb_text _builder_version=&#8220;4.27.6&#8243; _module_preset=&#8220;e0931326-e1f5-4a2c-bc9f-a861f6ba6f25&#8243; global_colors_info=&#8220;{}&#8220;]<\/p>\n<p>Strand Sv. Ivan, Lubenice, Insel Cres <\/p>\n<p>[\/et_pb_text][\/et_pb_column][\/et_pb_row][et_pb_row admin_label=&#8220;Text&#8220; _builder_version=&#8220;4.25.1&#8243; _module_preset=&#8220;default&#8220; background_color=&#8220;RGBA(255,255,255,0)&#8220; custom_padding=&#8220;0px||0px||true|false&#8220; collapsed=&#8220;off&#8220; global_colors_info=&#8220;{}&#8220;][et_pb_column type=&#8220;4_4&#8243; _builder_version=&#8220;4.17.6&#8243; _module_preset=&#8220;default&#8220; global_colors_info=&#8220;{}&#8220;][et_pb_text _builder_version=&#8220;4.27.6&#8243; _module_preset=&#8220;46f08ce4-42f3-4ed6-ae5c-e6d8b58a11cb&#8220; header_4_line_height=&#8220;1.4em&#8220; custom_padding_tablet=&#8220;&#8220; custom_padding_phone=&#8220;0px||0px||true|false&#8220; custom_padding_last_edited=&#8220;on|phone&#8220; global_colors_info=&#8220;{}&#8220;]<\/p>\n<h3>2. Valun \u2013 Cres (leicht &amp; duftend)<\/h3>\n<p>Die perfekte Route f\u00fcr Tage, an denen Sie aktiv sein m\u00f6chten \u2013 aber ganz entspannt und ohne gro\u00dfen Aufwand. Der Weg verbindet das charmante Valun mit der Stadt Cres und f\u00fchrt durch Olivenhaine, entlang des Meeres und durch die typischen D\u00fcfte des Mittelmeers. <\/p>\n<ul>\n<li>Schwierigkeitsgrad: leicht<\/li>\n<li>Ideal f\u00fcr: Spazierg\u00e4nge, leichtes Trekking und sogar Familienausfl\u00fcge<\/li>\n<li>Bonus: Gelegenheit f\u00fcr einen Sprung ins Meer<\/li>\n<\/ul>\n<p>[\/et_pb_text][\/et_pb_column][\/et_pb_row][et_pb_row admin_label=&#8220;Image #3&#8243; _builder_version=&#8220;4.17.6&#8243; _module_preset=&#8220;default&#8220; width=&#8220;100%&#8220; collapsed=&#8220;on&#8220; global_colors_info=&#8220;{}&#8220;][et_pb_column type=&#8220;4_4&#8243; _builder_version=&#8220;4.17.6&#8243; _module_preset=&#8220;default&#8220; global_colors_info=&#8220;{}&#8220;][et_pb_image src=&#8220;https:\/\/camp-kovacine.com\/wp-content\/uploads\/2026\/04\/Valun-malo-ribarsko-naselje-na-otoku-Cresu.webp&#8220; alt=&#8220;Valun Fischerdorf Cres&#8220; title_text=&#8220;Valun Cres&#8220; show_bottom_space=&#8220;off&#8220; admin_label=&#8220;Image&#8220; _builder_version=&#8220;4.27.6&#8243; _module_preset=&#8220;default&#8220; width_phone=&#8220;100%&#8220; max_height=&#8220;100%&#8220; global_colors_info=&#8220;{}&#8220;][\/et_pb_image][et_pb_text _builder_version=&#8220;4.27.6&#8243; _module_preset=&#8220;e0931326-e1f5-4a2c-bc9f-a861f6ba6f25&#8243; global_colors_info=&#8220;{}&#8220;]<\/p>\n<p>Valun, ein kleines Fischerdorf auf der Insel Cres<\/p>\n<p>[\/et_pb_text][\/et_pb_column][\/et_pb_row][et_pb_row admin_label=&#8220;Text&#8220; _builder_version=&#8220;4.25.1&#8243; _module_preset=&#8220;default&#8220; background_color=&#8220;RGBA(255,255,255,0)&#8220; custom_padding=&#8220;0px||0px||true|false&#8220; collapsed=&#8220;off&#8220; global_colors_info=&#8220;{}&#8220;][et_pb_column type=&#8220;4_4&#8243; _builder_version=&#8220;4.17.6&#8243; _module_preset=&#8220;default&#8220; global_colors_info=&#8220;{}&#8220;][et_pb_text _builder_version=&#8220;4.27.6&#8243; _module_preset=&#8220;46f08ce4-42f3-4ed6-ae5c-e6d8b58a11cb&#8220; header_4_line_height=&#8220;1.4em&#8220; custom_padding_tablet=&#8220;&#8220; custom_padding_phone=&#8220;0px||0px||true|false&#8220; custom_padding_last_edited=&#8220;on|phone&#8220; global_colors_info=&#8220;{}&#8220;]<\/p>\n<h3>3. Cres \u2013 Predo\u0161\u0107ica<\/h3>\n<p>Diese Route f\u00fchrt Sie in einen Teil der Insel, in dem die Natur das Sagen hat.<\/p>\n<p>Unterwegs wechseln sich Steinpfade, Schotterwege und weite Ausblicke ab. Je weiter Sie gehen, desto weniger Spuren der Zivilisation bleiben \u2013 und desto st\u00e4rker wird dieses Gef\u00fchl, wirklich \u201edrau\u00dfen\u201c zu sein, weit weg vom Alltag.<\/p>\n<p>Hier verl\u00e4uft auch der 45. Breitengrad, die stille Grenze zwischen Norden und S\u00fcden. W\u00e4hrend Sie weitergehen, ver\u00e4ndert sich die Landschaft sichtbar \u2013 vom kargen Fels hin zu gr\u00fcneren Bereichen und Olivenhainen, die rund um Cres dieses charakteristische, vom Menschen gepr\u00e4gte Landschaftsbild formen. <\/p>\n<p>Um Sie herum erstrecken sich weite, offene Weiden und leise Spuren vergangenen Lebens \u2013 Orte, an denen schon vor langer Zeit Schafe grasten. Dadurch bekommt die gesamte Route einen stillen, beinahe vergessenen Rhythmus, in dem die Zeit sp\u00fcrbar langsamer vergeht.<\/p>\n<p>Das Beste daran? Der Blick schweift hin\u00fcber zur Insel Krk \u2013 ein Panorama, das dich ganz von selbst entschleunigt, egal ob du zu Fu\u00df unterwegs bist oder im Sattel sitzt. <\/p>\n<ul>\n<li>Schwierigkeitsgrad: mittelschwer<\/li>\n<li>Bonus: freier Blick auf die Insel Krk und absolute Ruhe<\/li>\n<\/ul>\n<p>[\/et_pb_text][\/et_pb_column][\/et_pb_row][et_pb_row admin_label=&#8220;Image #3&#8243; _builder_version=&#8220;4.17.6&#8243; _module_preset=&#8220;default&#8220; width=&#8220;100%&#8220; collapsed=&#8220;on&#8220; global_colors_info=&#8220;{}&#8220;][et_pb_column type=&#8220;4_4&#8243; _builder_version=&#8220;4.17.6&#8243; _module_preset=&#8220;default&#8220; global_colors_info=&#8220;{}&#8220;][et_pb_image src=&#8220;https:\/\/camp-kovacine.com\/wp-content\/uploads\/2026\/04\/Predoscica-otok-Cres.webp&#8220; alt=&#8220;Predoscica Dorf Cres&#8220; title_text=&#8220;Predoscica Cres&#8220; show_bottom_space=&#8220;off&#8220; admin_label=&#8220;Image&#8220; _builder_version=&#8220;4.27.6&#8243; _module_preset=&#8220;default&#8220; width_phone=&#8220;100%&#8220; max_height=&#8220;100%&#8220; global_colors_info=&#8220;{}&#8220;][\/et_pb_image][et_pb_text _builder_version=&#8220;4.27.6&#8243; _module_preset=&#8220;e0931326-e1f5-4a2c-bc9f-a861f6ba6f25&#8243; global_colors_info=&#8220;{}&#8220;]<\/p>\n<p>Predo\u0161\u0107ica, Insel Cres<\/p>\n<p>[\/et_pb_text][\/et_pb_column][\/et_pb_row][et_pb_row admin_label=&#8220;Text&#8220; _builder_version=&#8220;4.25.1&#8243; _module_preset=&#8220;default&#8220; background_color=&#8220;RGBA(255,255,255,0)&#8220; custom_padding=&#8220;0px||0px||true|false&#8220; collapsed=&#8220;off&#8220; global_colors_info=&#8220;{}&#8220;][et_pb_column type=&#8220;4_4&#8243; _builder_version=&#8220;4.17.6&#8243; _module_preset=&#8220;default&#8220; global_colors_info=&#8220;{}&#8220;][et_pb_text _builder_version=&#8220;4.27.6&#8243; _module_preset=&#8220;46f08ce4-42f3-4ed6-ae5c-e6d8b58a11cb&#8220; header_4_line_height=&#8220;1.4em&#8220; custom_padding_tablet=&#8220;&#8220; custom_padding_phone=&#8220;0px||0px||true|false&#8220; custom_padding_last_edited=&#8220;on|phone&#8220; global_colors_info=&#8220;{}&#8220;]<\/p>\n<h4>Das i-T\u00fcpfelchen: Campingplatz Kova\u010dine<\/h4>\n<p><strong>Nachdem Sie sich auf die sch\u00f6nste Art ein wenig verloren haben,<\/strong> kehren Sie leicht staubig, angenehm m\u00fcde \u2013 und rundum zufrieden \u2013 zur\u00fcck.<\/p>\n<p>Und genau in diesem Moment sp\u00fcren Sie, wie wertvoll es ist, einen Ort zu haben, der Sie immer wieder willkommen hei\u00dft. Der <strong>Campingplatz Kova\u010dine<\/strong> ist genau das: ein Ort, der Ihnen alles bietet, was Sie nach einem wirklich erf\u00fcllten Tag brauchen.<\/p>\n<p><strong>Das Meer ist nur ein paar Schritte entfernt, Schatten gibt es reichlich<\/strong> \u2013 und die Chancen stehen gut, dass dein Abendessen das beste deines Lebens sein wird. Selbst wenn es \u201enur\u201c Pasta aus dem Topf ist.<\/p>\n<p>Sie setzen sich, strecken die Beine aus und lassen den Tag Revue passieren. <strong>Am Strand, beim orangefarbenen Sonnenuntergang unter einem Olivenbaum, mit den F\u00fc\u00dfen im seichten Wasser und einem Glas heimischen Weins in der Hand, k\u00f6nnen Sie auf sich selbst ansto\u00dfen<\/strong> und sich eingestehen: Heute haben Sie wirklich etwas Gutes getan.<\/p>\n<p><strong>Denn im Camp Kova\u010dine wird man irgendwie immer zur besten Version seiner selbst.<\/strong><br \/>Und ganz ehrlich \u2026 morgen w\u00fcrden Sie es sofort wieder tun.<\/p>\n<p>[\/et_pb_text][\/et_pb_column][\/et_pb_row][et_pb_row admin_label=&#8220;Image #3&#8243; _builder_version=&#8220;4.17.6&#8243; _module_preset=&#8220;default&#8220; width=&#8220;100%&#8220; collapsed=&#8220;on&#8220; global_colors_info=&#8220;{}&#8220;][et_pb_column type=&#8220;4_4&#8243; _builder_version=&#8220;4.17.6&#8243; _module_preset=&#8220;default&#8220; global_colors_info=&#8220;{}&#8220;][et_pb_image src=&#8220;https:\/\/camp-kovacine.com\/wp-content\/uploads\/2026\/04\/Kamp-Kovacine-Cres-otok-Cres.webp&#8220; alt=&#8220;Camping Kovacine Cres Luftaufnahme Strand Leuchtturm&#8220; title_text=&#8220;Camping Kovacine Insel Cres Luftansicht&#8220; show_bottom_space=&#8220;off&#8220; admin_label=&#8220;Image&#8220; _builder_version=&#8220;4.27.6&#8243; _module_preset=&#8220;default&#8220; width_phone=&#8220;100%&#8220; max_height=&#8220;100%&#8220; global_colors_info=&#8220;{}&#8220;][\/et_pb_image][et_pb_text _builder_version=&#8220;4.27.6&#8243; _module_preset=&#8220;e0931326-e1f5-4a2c-bc9f-a861f6ba6f25&#8243; global_colors_info=&#8220;{}&#8220;]<\/p>\n<p class=\"p1\">Campingplatz Kova\u010dine, Insel Cres<\/p>\n<p>[\/et_pb_text][\/et_pb_column][\/et_pb_row][\/et_pb_section]<\/p>\n","protected":false},"excerpt":{"rendered":"<p>Es gibt eine Jahreszeit, in der die Insel Cres wie eine lebendige Postkarte erbl\u00fcht. Und das nicht nur f\u00fcrs Auge \u2013 vielmehr ist es eine stille Explosion der Sinne: wenn die Luft nach Salbei und Immortelle duftet, die Sonne genau richtig w\u00e4rmt und man das Gef\u00fchl hat, es w\u00e4re schlicht schade, den Tag im Sitzen [&hellip;]<\/p>\n","protected":false},"author":1,"featured_media":31606,"comment_status":"closed","ping_status":"open","sticky":false,"template":"","format":"standard","meta":{"_et_pb_use_builder":"on","_et_pb_old_content":"","_et_gb_content_width":"","footnotes":""},"categories":[21],"tags":[],"class_list":["post-31605","post","type-post","status-publish","format-standard","has-post-thumbnail","hentry","category-unkategorisiert"],"_links":{"self":[{"href":"https:\/\/camp-kovacine.com\/de\/wp-json\/wp\/v2\/posts\/31605","targetHints":{"allow":["GET"]}}],"collection":[{"href":"https:\/\/camp-kovacine.com\/de\/wp-json\/wp\/v2\/posts"}],"about":[{"href":"https:\/\/camp-kovacine.com\/de\/wp-json\/wp\/v2\/types\/post"}],"author":[{"embeddable":true,"href":"https:\/\/camp-kovacine.com\/de\/wp-json\/wp\/v2\/users\/1"}],"replies":[{"embeddable":true,"href":"https:\/\/camp-kovacine.com\/de\/wp-json\/wp\/v2\/comments?post=31605"}],"version-history":[{"count":4,"href":"https:\/\/camp-kovacine.com\/de\/wp-json\/wp\/v2\/posts\/31605\/revisions"}],"predecessor-version":[{"id":31624,"href":"https:\/\/camp-kovacine.com\/de\/wp-json\/wp\/v2\/posts\/31605\/revisions\/31624"}],"wp:featuredmedia":[{"embeddable":true,"href":"https:\/\/camp-kovacine.com\/de\/wp-json\/wp\/v2\/media\/31606"}],"wp:attachment":[{"href":"https:\/\/camp-kovacine.com\/de\/wp-json\/wp\/v2\/media?parent=31605"}],"wp:term":[{"taxonomy":"category","embeddable":true,"href":"https:\/\/camp-kovacine.com\/de\/wp-json\/wp\/v2\/categories?post=31605"},{"taxonomy":"post_tag","embeddable":true,"href":"https:\/\/camp-kovacine.com\/de\/wp-json\/wp\/v2\/tags?post=31605"}],"curies":[{"name":"wp","href":"https:\/\/api.w.org\/{rel}","templated":true}]}}