{"id":26480,"date":"2024-03-17T15:14:19","date_gmt":"2024-03-17T15:14:19","guid":{"rendered":"https:\/\/camp-kovacine.com\/springbreak-in-einer-gruenen-oase-am-meer\/"},"modified":"2024-06-11T13:59:44","modified_gmt":"2024-06-11T13:59:44","slug":"springbreak-in-einer-gruenen-oase-am-meer","status":"publish","type":"post","link":"https:\/\/camp-kovacine.com\/de\/springbreak-in-einer-gruenen-oase-am-meer\/","title":{"rendered":"Springbreak in einer gr\u00fcnen Oase am Meer"},"content":{"rendered":"<p>[et_pb_section fb_built=&#8220;1&#8243; _builder_version=&#8220;4.25.1&#8243; _module_preset=&#8220;a8f3ca86-d58c-4c07-8229-71dae361d162&#8243; collapsed=&#8220;off&#8220; global_colors_info=&#8220;{}&#8220; theme_builder_area=&#8220;post_content&#8220; hover_enabled=&#8220;0&#8243; sticky_enabled=&#8220;0&#8243;][et_pb_row admin_label=&#8220;Text&#8220; _builder_version=&#8220;4.25.1&#8243; _module_preset=&#8220;default&#8220; background_color=&#8220;RGBA(255,255,255,0)&#8220; hover_enabled=&#8220;0&#8243; collapsed=&#8220;off&#8220; global_colors_info=&#8220;{}&#8220; theme_builder_area=&#8220;post_content&#8220; custom_padding=&#8220;0px||0px||true|false&#8220; sticky_enabled=&#8220;0&#8243;][et_pb_column type=&#8220;4_4&#8243; _builder_version=&#8220;4.17.6&#8243; _module_preset=&#8220;default&#8220; global_colors_info=&#8220;{}&#8220; theme_builder_area=&#8220;post_content&#8220;][et_pb_text _builder_version=&#8220;4.25.1&#8243; _module_preset=&#8220;default&#8220; header_4_line_height=&#8220;2em&#8220; hover_enabled=&#8220;0&#8243; global_colors_info=&#8220;{}&#8220; theme_builder_area=&#8220;post_content&#8220; sticky_enabled=&#8220;0&#8243;]<\/p>\n<p>Haben Sie die Winterhandschuhe und Pelzm\u00e4ntel bereits satt? W\u00fcnschen Sie sich<br \/>schon ein wenig die Campingsaison herbei? <strong>Warten Sie nicht auf den Sommer!<\/strong><br \/>Nach dem Winterschlaf steht alles bereit f\u00fcr ein nie interessanteres<br \/><strong>Fr\u00fchlingscamping<\/strong> in einer <strong>gr\u00fcnen Oase<\/strong> am Meer!<\/p>\n<p>Vielleicht scheint es Ihnen, dass das Aufbauen des Zeltes und das Spannen der<br \/>Netzh\u00e4ngematte dem Sommer vorbehalten ist. Doch heute brechen wir dieses<br \/>\u201eGecampt wird im Sommer\u201c Stigma! Lassen Sie die Winterkleidung im Schrank<br \/>verschwinden und <strong>packen Sie die Sachen f\u00fcr einen Fr\u00fchlingsurlaub<\/strong> auf Cres!<\/p>\n<h4>Vorteile des Campens im Fr\u00fchling<\/h4>\n<p>Das Campen im Fr\u00fchling bringt viele <strong>Vorteile<\/strong> mit sich: im April und Mai <strong>herrscht<\/strong><br \/><strong>kein Gedr\u00e4nge<\/strong>, so k\u00f6nnen Sie <strong>den idealen Stellplatz oder das ideale Mobilheim<\/strong><br \/>reservieren, die Insekten schlafen noch, <strong>die Preise sind niedriger<\/strong>, in den<br \/>Restaurants <strong>werden Sie sofort bedient<\/strong> und k\u00f6nnen sogar den Tisch w\u00e4hlen, an<br \/>dem Sie sich das Essen schmecken lassen werden, Sie k\u00f6nnen <strong>die totale Windstille<\/strong><br \/><strong>am Meer vor dem Campingplatz Kova\u010dine<\/strong> in aller Ruhe genie\u00dfen &#8211; all dies bei<br \/><strong>gem\u00e4\u00dfigten Temperaturen.<\/strong><\/p>\n<p>Die Atmosph\u00e4re ist wirklich Klasse: <strong>die Natur erwacht<\/strong>, breitet sich in <strong>satten Farben<\/strong><br \/>aus und bezaubert mit Frische und Anmut, und in der <strong>Luft schwebt eine Stille<\/strong>, die<br \/>noch vom verspielten Vogelgezwitscher versch\u00f6nert wird.<\/p>\n<p>Sie werden von den kilometerlangen <strong>herrlichen Str\u00e4nden<\/strong> begeistert sein, die zum<br \/>Greifen nahe liegen und darauf warten, <strong>nur von Ihnen<\/strong> ausprobiert zu werden, und<br \/>Radtouren, Bergwanderungen oder <strong>Fitness und verschiedene sportliche<\/strong><br \/><strong>Bet\u00e4tigungen auf dem Campingplatz Kova\u010dine<\/strong> gestalten sich bei mildem Wetter<br \/>viel angenehmer.<\/p>\n<p>[\/et_pb_text][\/et_pb_column][\/et_pb_row][et_pb_row admin_label=&#8220;Image #1&#8243; _builder_version=&#8220;4.17.6&#8243; _module_preset=&#8220;default&#8220; width=&#8220;100%&#8220; collapsed=&#8220;on&#8220; global_colors_info=&#8220;{}&#8220; theme_builder_area=&#8220;post_content&#8220;][et_pb_column type=&#8220;4_4&#8243; _builder_version=&#8220;4.17.6&#8243; _module_preset=&#8220;default&#8220; global_colors_info=&#8220;{}&#8220; theme_builder_area=&#8220;post_content&#8220;][et_pb_image src=&#8220;https:\/\/camp-kovacine.com\/wp-content\/uploads\/2021\/08\/Bazenski-kompleks-Fitness-centar-Kamp-Kovacine.jpg&#8220; alt=&#8220;Fitnessraum, Campingplatz Kova\u010dine, Cres&#8220; title_text=&#8220;Fitnessraum, Campingplatz Kova\u010dine, Cres&#8220; _builder_version=&#8220;4.25.1&#8243; _module_preset=&#8220;default&#8220; hover_enabled=&#8220;0&#8243; global_colors_info=&#8220;{}&#8220; theme_builder_area=&#8220;post_content&#8220; sticky_enabled=&#8220;0&#8243; max_height=&#8220;100%&#8220; width_phone=&#8220;100%&#8220;][\/et_pb_image][et_pb_text _builder_version=&#8220;4.25.1&#8243; _module_preset=&#8220;e0931326-e1f5-4a2c-bc9f-a861f6ba6f25&#8243; locked=&#8220;off&#8220; global_colors_info=&#8220;{}&#8220; theme_builder_area=&#8220;post_content&#8220;]<\/p>\n<p>Fitnessraum, Campingplatz Kova\u010dine, Cres<\/p>\n<p>[\/et_pb_text][\/et_pb_column][\/et_pb_row][et_pb_row admin_label=&#8220;Text&#8220; _builder_version=&#8220;4.25.1&#8243; _module_preset=&#8220;default&#8220; background_color=&#8220;RGBA(255,255,255,0)&#8220; hover_enabled=&#8220;0&#8243; collapsed=&#8220;off&#8220; global_colors_info=&#8220;{}&#8220; theme_builder_area=&#8220;post_content&#8220; custom_padding_last_edited=&#8220;on|phone&#8220; custom_padding_phone=&#8220;0px||0px||true|false&#8220; sticky_enabled=&#8220;0&#8243;][et_pb_column type=&#8220;4_4&#8243; _builder_version=&#8220;4.17.6&#8243; _module_preset=&#8220;default&#8220; global_colors_info=&#8220;{}&#8220; theme_builder_area=&#8220;post_content&#8220;][et_pb_text _builder_version=&#8220;4.24.2&#8243; _module_preset=&#8220;default&#8220; header_4_line_height=&#8220;2em&#8220; global_colors_info=&#8220;{}&#8220; theme_builder_area=&#8220;post_content&#8220;]<\/p>\n<h4>Vorboten des Sommers<\/h4>\n<p>Der April und Mai sind schon <strong>Vorboten des Sommers<\/strong>, das Wetter auf Cres ist<br \/>schon perfekt f\u00fcr <strong>sonnige Spazierg\u00e4nge<\/strong> durch die Stra\u00dfen der alten Stadt, an den<br \/>Meeresufern entlang und durch die W\u00e4lder der Insel. Wagemutigere G\u00e4ste k\u00f6nnen<br \/>bereits im Meer <strong>baden<\/strong>, denn die Meerwassertemperatur liegt bei etwa 19 \u00b0C, und<br \/>im Mai k\u00f6nnten Sie auch schon <strong>Sonnencreme<\/strong> gut gebrauchen!<\/p>\n<p>Cres steht im Fr\u00fchling wirklich in <strong>voller Bl\u00fcte<\/strong>; all die Sch\u00e4tze der Insel k\u00f6nnen Sie<br \/>ohne den sommerlichen Trubel genie\u00dfen. Vergessen wir auch nicht den<\/p>\n<p>beliebtesten kroatischen Zeitvertreib \u2013 <strong>legeres Kaffeetrinken<\/strong> auf den<br \/><strong>sonnenbeschienenen Terrassen des Campingplatzes Kova\u010dine<\/strong>, und<br \/>Abenteurer k\u00f6nnen <strong>leckere Wildspargel ernten gehen!<\/strong><\/p>\n<p>[\/et_pb_text][\/et_pb_column][\/et_pb_row][et_pb_row admin_label=&#8220;Image #2&#8243; _builder_version=&#8220;4.17.6&#8243; _module_preset=&#8220;default&#8220; width=&#8220;100%&#8220; collapsed=&#8220;on&#8220; global_colors_info=&#8220;{}&#8220; theme_builder_area=&#8220;post_content&#8220;][et_pb_column type=&#8220;4_4&#8243; _builder_version=&#8220;4.17.6&#8243; _module_preset=&#8220;default&#8220; global_colors_info=&#8220;{}&#8220; theme_builder_area=&#8220;post_content&#8220;][et_pb_image src=&#8220;https:\/\/camp-kovacine.com\/wp-content\/uploads\/2024\/03\/Terasa-caffe-bar-Lanterna-kamp-Kovacine-Cres.webp&#8220; alt=&#8220;Terrasse des Caf\u00e9s Lanterna, Campingplatz Kova\u010dine, Cres&#8220; title_text=&#8220;Terrasse des Caf\u00e9s Lanterna, Campingplatz Kova\u010dine, Cres&#8220; _builder_version=&#8220;4.25.1&#8243; _module_preset=&#8220;default&#8220; hover_enabled=&#8220;0&#8243; global_colors_info=&#8220;{}&#8220; theme_builder_area=&#8220;post_content&#8220; max_height=&#8220;100%&#8220; sticky_enabled=&#8220;0&#8243; force_fullwidth=&#8220;on&#8220; max_height_last_edited=&#8220;on|desktop&#8220; max_height_tablet=&#8220;100%&#8220; max_height_phone=&#8220;100%&#8220;][\/et_pb_image][et_pb_text _builder_version=&#8220;4.24.2&#8243; _module_preset=&#8220;e0931326-e1f5-4a2c-bc9f-a861f6ba6f25&#8243; locked=&#8220;off&#8220; global_colors_info=&#8220;{}&#8220; theme_builder_area=&#8220;post_content&#8220;]<\/p>\n<p>Terrasse des Caf\u00e9s Lanterna, Campingplatz Kova\u010dine, Cres<\/p>\n<p>[\/et_pb_text][\/et_pb_column][\/et_pb_row][et_pb_row admin_label=&#8220;Text&#8220; _builder_version=&#8220;4.25.1&#8243; _module_preset=&#8220;default&#8220; background_color=&#8220;RGBA(255,255,255,0)&#8220; hover_enabled=&#8220;0&#8243; collapsed=&#8220;off&#8220; global_colors_info=&#8220;{}&#8220; theme_builder_area=&#8220;post_content&#8220; custom_padding=&#8220;0px||0px||true|false&#8220; sticky_enabled=&#8220;0&#8243;][et_pb_column type=&#8220;4_4&#8243; _builder_version=&#8220;4.17.6&#8243; _module_preset=&#8220;default&#8220; global_colors_info=&#8220;{}&#8220; theme_builder_area=&#8220;post_content&#8220;][et_pb_text _builder_version=&#8220;4.25.1&#8243; _module_preset=&#8220;default&#8220; header_4_line_height=&#8220;2em&#8220; hover_enabled=&#8220;0&#8243; global_colors_info=&#8220;{}&#8220; theme_builder_area=&#8220;post_content&#8220; custom_padding_last_edited=&#8220;on|phone&#8220; custom_padding_phone=&#8220;0px||0px||true|false&#8220; sticky_enabled=&#8220;0&#8243;]<\/p>\n<h4>Herausforderungen des Campens im Fr\u00fchling<\/h4>\n<p>Das Campen zu Fr\u00fchlingsbeginn bringt auch seine eigenen Herausforderungen mit<br \/>sich.<\/p>\n<p>Die gr\u00f6\u00dften davon? M\u00f6gliche <strong>Wetterschwankungen<\/strong>. Wenn der Bora-Wind weht,<br \/>kann es k\u00fchl sein, doch bei Windstille sollte man sich sogar Sonnencreme<br \/>bereithalten!<\/p>\n<p>Man muss auch auf kalte Morgen- und Abendstunden vorbereitet sein. Beim<br \/>Campen im Fr\u00fchling ist es wichtig, Kleidung nach dem <strong>Schichtenprinzip<\/strong> zu tragen,<br \/>dann kann man einzelne Kleidungsst\u00fccke je nach Au\u00dfentemperatur aus- oder<br \/>anziehen.<\/p>\n<p>Letztendlich m\u00fcssen Sie auch auf <strong>Regen vorbereitet sein<\/strong> (obwohl er, dies sei<br \/>angemerkt, auf der Insel Cres <strong>sehr selten<\/strong> ist). Legen Sie Sachen wie Planen,<br \/>Regenstiefel, Handt\u00fccher und trockene Taschen ins Gep\u00e4ck, die Ihnen helfen<br \/>werden, trocken und warm zu bleiben.<\/p>\n<p><strong>Wasserabweisende Schlafs\u00e4cke:<\/strong> Mit einem 15-Grad Schlafsack gehen Sie beim<br \/>Campen zu Fr\u00fchlingsanfang auf Nummer sicher. Das Wichtigste dabei ist, dass Sie<br \/>Ihren Schlafsack mittels einer <strong>isolierten Unterlage<\/strong> zwischen Ihnen und dem Boden<br \/>gegen eindringendes Wasser absichern!<\/p>\n<p><strong>Sch\u00fctzen Sie Elektroger\u00e4te<\/strong> vor Regen und verstauen Sie sie in einen trockenen<br \/>Beutel oder in einen wasserdichten Beh\u00e4lter.<\/p>\n<h4>Checkliste: Ausstattung f\u00fcr Fr\u00fchlingscampen<\/h4>\n<p>Die folgenden Ratschl\u00e4ge helfen Ihnen weiter bei der Entscheidung, was Sie<br \/><strong>einpacken<\/strong> und welches Equipment Sie f\u00fcr den n\u00f6tigen Komfort mitnehmen<br \/>sollten, und wie Sie Ihr <strong>Fr\u00fchlingsabenteuer<\/strong> im Freien am besten planen!<\/p>\n<p>Wenn Sie einen Campingurlaub im Fr\u00fchling planen, m\u00fcssen Sie einige Dinge<br \/>beachten, die Sie beim Campen im Sommer sonst nicht ber\u00fccksichtigen w\u00fcrden.<br \/>Setzen Sie Folgendes auf Ihre Packliste:<\/p>\n<p><strong>Decken<\/strong>: Gestalten Sie die Morgen- und Abendstunden noch gem\u00fctlicher und<br \/>packen Sie ihre gl\u00fccksbringende Lieblingsdecke mit ein.<\/p>\n<p><strong>Schlafunterlage<\/strong>: Nehmen Sie auch eine Schlafunterlage mit, f\u00fcr mehr Komfort im<br \/>Zelt und zur Isolierung vom kalten Boden.<\/p>\n<p><strong>Mehrere Schichten:<\/strong> Bringen Sie einen Vorrat an zus\u00e4tzlichen Socken mit und<br \/>vergessen Sie Baumwolle. W\u00e4hlen Sie Woll- oder Synthetikschichten, weil sie<br \/>sch\u00f6n w\u00e4rmen und schnell trocknen. Wenn Sie dennoch eine Portion<br \/>sommerlicher oder sp\u00e4tsommerlicher Hitze brauchen, stehen die <strong>Finnische und<\/strong><br \/><strong>die Infrarotsauna<\/strong> f\u00fcr Sie bereit!<\/p>\n<p><strong>Kochequipment auf dem Campingplatz:<\/strong> T\u00f6pfe, Pfannen, Teller, Besteck. Wenn Sie<br \/>etwas vergessen, steht Ihnen auf dem Campinggel\u00e4nde unser Supermarkt zur<br \/>Verf\u00fcgung, und wenn Sie keine Lust auf Kochen haben, gibt es auf dem<br \/>Campingplatz jederzeit leckere Happen in unserer Pizzeria f\u00fcr Sie!<\/p>\n<p><strong>Plane<\/strong>: Wohl der n\u00fctzlichste Gegenstand f\u00fcr das Fr\u00fchlingscampen. Vielseitig und<br \/>widerstandsf\u00e4hig!<\/p>\n<p><strong>Flasche f\u00fcr warme Getr\u00e4nke:<\/strong> W\u00e4rmen Sie Ihren K\u00f6rper unter der Decke und dazu<br \/>auch mit einem hei\u00dfen Apfel- oder Zimttee, und trinken Sie ihn Schluck f\u00fcr Schluck<br \/>mit Blick auf den Sonnenuntergang! Eine gute Alternative ist nat\u00fcrlich auch eine Tasse Kaffee oder warmer Schokolade im <strong>Caf\u00e9 Lanterna<\/strong> auf dem Campingplatz<br \/>Kova\u010dine, die Ihnen von unserem <strong>immer freundlichen<\/strong> Personal serviert wird.<\/p>\n<p><strong>Glitzerlichter:<\/strong> Setzen Sie auf die gute Laune noch eins drauf &#8211; mit ein wenig<br \/>Dekorbeleuchtung!<\/p>\n<h4>Der perfekte Urlaub f\u00fcr alle<\/h4>\n<p>Alle Aktivit\u00e4ten, die Ihnen im Sommer auf dem Campingplatz zur Verf\u00fcgung<br \/>stehen, sind auch in den Fr\u00fchlingsmonaten da\u00a0&#8211; aber mit einem gro\u00dfen<br \/>Unterschied: da kein Gedr\u00e4nge herrscht, k\u00f6nnen Sie alles, was Sie wann<br \/>unternehmen m\u00f6chten, <strong>viel leichter planen<\/strong>. Hier wird alles <strong>voll und ganz auf<\/strong><br \/><strong>Sie<\/strong> und Ihre W\u00fcnsche <strong>abgestimmt<\/strong>!<\/p>\n<p>Sie bekommen einen <strong>perfekten Urlaub ohne jeglichen \u00c4rger<\/strong>, Stress wird zu<br \/>einem unbekannten Begriff, alles wird auf Sie abgestimmt. Spannende<br \/>Aktivit\u00e4ten, <strong>Entspannung am Strand,<\/strong> Genuss mit gastronomischen<br \/>K\u00f6stlichkeiten, Ruhe, V\u00f6geln und <strong>Fr\u00fchlingsd\u00fcften und -farben<\/strong> &#8211; die sind nur<br \/>einige <strong>Wohltaten des Campens im Fr\u00fchling.<\/strong><\/p>\n<p>Jetzt wissen Sie, welche Vorteile ein Urlaub in den Fr\u00fchlingsmonaten mit sich<br \/>bringt, Sie m\u00fcssen nur noch den <strong>Zeitraum f\u00fcr Ihren perfekten Urlaub<\/strong><br \/><strong>reservieren<\/strong>, sich auf Wohlf\u00fchlmomente und Entspannung einstellen und \u2013<br \/>losfahren!<\/p>\n<p><strong>Der Campingplatz Kova\u010dine erwartet Sie!<\/strong><\/p>\n<p>[\/et_pb_text][\/et_pb_column][\/et_pb_row][et_pb_row admin_label=&#8220;Image #3&#8243; _builder_version=&#8220;4.17.6&#8243; _module_preset=&#8220;default&#8220; width=&#8220;100%&#8220; collapsed=&#8220;on&#8220; global_colors_info=&#8220;{}&#8220; theme_builder_area=&#8220;post_content&#8220;][et_pb_column type=&#8220;4_4&#8243; _builder_version=&#8220;4.17.6&#8243; _module_preset=&#8220;default&#8220; global_colors_info=&#8220;{}&#8220; theme_builder_area=&#8220;post_content&#8220;][et_pb_image src=&#8220;https:\/\/camp-kovacine.com\/wp-content\/uploads\/2024\/03\/Savrsen-odmor-u-proljece-kamp-Kovacine-Cres.webp&#8220; alt=&#8220;Perfekter Urlaub im Fr\u00fchling, Campingplatz Kova\u010dine, Cres&#8220; title_text=&#8220;Perfekter Urlaub im Fr\u00fchling, Campingplatz Kova\u010dine, Cres&#8220; admin_label=&#8220;Image&#8220; _builder_version=&#8220;4.25.1&#8243; _module_preset=&#8220;default&#8220; hover_enabled=&#8220;0&#8243; global_colors_info=&#8220;{}&#8220; theme_builder_area=&#8220;post_content&#8220; max_height=&#8220;100%&#8220; sticky_enabled=&#8220;0&#8243; width_phone=&#8220;100%&#8220;][\/et_pb_image][et_pb_text _builder_version=&#8220;4.24.2&#8243; _module_preset=&#8220;e0931326-e1f5-4a2c-bc9f-a861f6ba6f25&#8243; global_colors_info=&#8220;{}&#8220; theme_builder_area=&#8220;post_content&#8220;]<\/p>\n<p>Perfekter Urlaub im Fr\u00fchling, Campingplatz Kova\u010dine, Cres<\/p>\n<p>[\/et_pb_text][\/et_pb_column][\/et_pb_row][\/et_pb_section]<\/p>\n","protected":false},"excerpt":{"rendered":"<p>Haben Sie die Winterhandschuhe und Pelzm\u00e4ntel bereits satt? W\u00fcnschen Sie sichschon ein wenig die Campingsaison herbei? Warten Sie nicht auf den Sommer!Nach dem Winterschlaf steht alles bereit f\u00fcr ein nie interessanteresFr\u00fchlingscamping in einer gr\u00fcnen Oase am Meer! Vielleicht scheint es Ihnen, dass das Aufbauen des Zeltes und das Spannen derNetzh\u00e4ngematte dem Sommer vorbehalten ist. Doch [&hellip;]<\/p>\n","protected":false},"author":1,"featured_media":26448,"comment_status":"open","ping_status":"open","sticky":false,"template":"","format":"standard","meta":{"_et_pb_use_builder":"on","_et_pb_old_content":"","_et_gb_content_width":"","footnotes":""},"categories":[21],"tags":[],"class_list":["post-26480","post","type-post","status-publish","format-standard","has-post-thumbnail","hentry","category-unkategorisiert"],"_links":{"self":[{"href":"https:\/\/camp-kovacine.com\/de\/wp-json\/wp\/v2\/posts\/26480","targetHints":{"allow":["GET"]}}],"collection":[{"href":"https:\/\/camp-kovacine.com\/de\/wp-json\/wp\/v2\/posts"}],"about":[{"href":"https:\/\/camp-kovacine.com\/de\/wp-json\/wp\/v2\/types\/post"}],"author":[{"embeddable":true,"href":"https:\/\/camp-kovacine.com\/de\/wp-json\/wp\/v2\/users\/1"}],"replies":[{"embeddable":true,"href":"https:\/\/camp-kovacine.com\/de\/wp-json\/wp\/v2\/comments?post=26480"}],"version-history":[{"count":0,"href":"https:\/\/camp-kovacine.com\/de\/wp-json\/wp\/v2\/posts\/26480\/revisions"}],"wp:featuredmedia":[{"embeddable":true,"href":"https:\/\/camp-kovacine.com\/de\/wp-json\/wp\/v2\/media\/26448"}],"wp:attachment":[{"href":"https:\/\/camp-kovacine.com\/de\/wp-json\/wp\/v2\/media?parent=26480"}],"wp:term":[{"taxonomy":"category","embeddable":true,"href":"https:\/\/camp-kovacine.com\/de\/wp-json\/wp\/v2\/categories?post=26480"},{"taxonomy":"post_tag","embeddable":true,"href":"https:\/\/camp-kovacine.com\/de\/wp-json\/wp\/v2\/tags?post=26480"}],"curies":[{"name":"wp","href":"https:\/\/api.w.org\/{rel}","templated":true}]}}